{"id":7598,"date":"2020-10-22T11:39:46","date_gmt":"2020-10-22T14:39:46","guid":{"rendered":"http:\/\/oasisfm935.com\/site\/?p=7598"},"modified":"2020-10-22T11:42:59","modified_gmt":"2020-10-22T14:42:59","slug":"triste-noticia-confirman-la-muerte-de-un-hombre-de-ingeniero-luiggi-internado-en-general-pico-por-coronavirus","status":"publish","type":"post","link":"https:\/\/oasisfm935.com.ar\/site\/triste-noticia-confirman-la-muerte-de-un-hombre-de-ingeniero-luiggi-internado-en-general-pico-por-coronavirus\/","title":{"rendered":"Triste Noticia: Confirman la muerte de un hombre de Ingeniero Luiggi internado en General Pico por coronavirus"},"content":{"rendered":"<p class=\"lead nota-detalle-bajada\">El Gobierno de la provincia de La Pampa, a trav\u00e9s del Ministerio de Salud, lamenta informar que hoy se produjo el fallecimiento de un hombre que se hallaba internado en la citada ciudad norte\u00f1a.<\/p>\n<div class=\"nota-detalle-cuerpo\">El comprovinciano ten\u00eda 88 a\u00f1os y curs\u00f3 6 d\u00edas de internaci\u00f3n en el Hospital Modular de la ciudad de General Pico. Resid\u00eda en la localidad de Ingeniero Luiggi y se encontraba internado por presentar patolog\u00eda respiratoria COVID-19 positivo.<\/div>\n<div class=\"oasis-despues-del-contenido\" id=\"oasis-752852313\"><img loading=\"lazy\" decoding=\"async\" src=\"https:\/\/oasisfm935.com.ar\/site\/wp-content\/uploads\/2020\/08\/47806202-8741-49f2-a5c9-d2f930e5baa1.jpg\" alt=\"\"  srcset=\"https:\/\/oasisfm935.com.ar\/site\/wp-content\/uploads\/2020\/08\/47806202-8741-49f2-a5c9-d2f930e5baa1.jpg 1080w, https:\/\/oasisfm935.com.ar\/site\/wp-content\/uploads\/2020\/08\/47806202-8741-49f2-a5c9-d2f930e5baa1-300x300.jpg 300w, https:\/\/oasisfm935.com.ar\/site\/wp-content\/uploads\/2020\/08\/47806202-8741-49f2-a5c9-d2f930e5baa1-1024x1024.jpg 1024w, https:\/\/oasisfm935.com.ar\/site\/wp-content\/uploads\/2020\/08\/47806202-8741-49f2-a5c9-d2f930e5baa1-150x150.jpg 150w, https:\/\/oasisfm935.com.ar\/site\/wp-content\/uploads\/2020\/08\/47806202-8741-49f2-a5c9-d2f930e5baa1-768x768.jpg 768w\" sizes=\"(max-width: 1080px) 100vw, 1080px\" class=\"no-lazyload\" width=\"1080\" height=\"1080\"  style=\"display: inline-block;\" \/><\/div>","protected":false},"excerpt":{"rendered":"<p>El Gobierno de la provincia de La Pampa, a trav\u00e9s del Ministerio de Salud, lamenta informar que hoy se produjo el fallecimiento<\/p>\n","protected":false},"author":4,"featured_media":7599,"comment_status":"closed","ping_status":"open","sticky":false,"template":"","format":"standard","meta":{"colormag_page_layout":"default_layout","footnotes":""},"categories":[2],"tags":[],"class_list":["post-7598","post","type-post","status-publish","format-standard","has-post-thumbnail","hentry","category-noticias"],"_links":{"self":[{"href":"https:\/\/oasisfm935.com.ar\/site\/wp-json\/wp\/v2\/posts\/7598","targetHints":{"allow":["GET"]}}],"collection":[{"href":"https:\/\/oasisfm935.com.ar\/site\/wp-json\/wp\/v2\/posts"}],"about":[{"href":"https:\/\/oasisfm935.com.ar\/site\/wp-json\/wp\/v2\/types\/post"}],"author":[{"embeddable":true,"href":"https:\/\/oasisfm935.com.ar\/site\/wp-json\/wp\/v2\/users\/4"}],"replies":[{"embeddable":true,"href":"https:\/\/oasisfm935.com.ar\/site\/wp-json\/wp\/v2\/comments?post=7598"}],"version-history":[{"count":4,"href":"https:\/\/oasisfm935.com.ar\/site\/wp-json\/wp\/v2\/posts\/7598\/revisions"}],"predecessor-version":[{"id":7603,"href":"https:\/\/oasisfm935.com.ar\/site\/wp-json\/wp\/v2\/posts\/7598\/revisions\/7603"}],"wp:featuredmedia":[{"embeddable":true,"href":"https:\/\/oasisfm935.com.ar\/site\/wp-json\/wp\/v2\/media\/7599"}],"wp:attachment":[{"href":"https:\/\/oasisfm935.com.ar\/site\/wp-json\/wp\/v2\/media?parent=7598"}],"wp:term":[{"taxonomy":"category","embeddable":true,"href":"https:\/\/oasisfm935.com.ar\/site\/wp-json\/wp\/v2\/categories?post=7598"},{"taxonomy":"post_tag","embeddable":true,"href":"https:\/\/oasisfm935.com.ar\/site\/wp-json\/wp\/v2\/tags?post=7598"}],"curies":[{"name":"wp","href":"https:\/\/api.w.org\/{rel}","templated":true}]}}