{"id":7605,"date":"2020-10-22T17:46:14","date_gmt":"2020-10-22T20:46:14","guid":{"rendered":"http:\/\/oasisfm935.com\/site\/?p=7605"},"modified":"2020-10-22T17:46:14","modified_gmt":"2020-10-22T20:46:14","slug":"cordoba-no-pedira-hisopados-negativos-ni-obligara-a-cuarentena-a-quienes-ingresen","status":"publish","type":"post","link":"https:\/\/oasisfm935.com.ar\/site\/cordoba-no-pedira-hisopados-negativos-ni-obligara-a-cuarentena-a-quienes-ingresen\/","title":{"rendered":"C\u00f3rdoba no pedir\u00e1 hisopados negativos ni obligar\u00e1 a cuarentena a quienes ingresen"},"content":{"rendered":"<p>La\u00a0<strong>Provincia de C\u00f3rdoba no exigir\u00e1 m\u00e1s hisopados negativos ni obligar\u00e1 a cuarentenas de dos semanas a quienes ingresen al territorio<\/strong>. Ser\u00e1\u00a0<strong>libre para pasajeros que realizan actividades esenciales<\/strong>\u00a0y para todos aquellos que porten el permiso que otorga el Gobierno Nacional.<\/p>\n<p>La medida fue dispuesta por el\u00a0<strong>Centro de Operaciones de Emergencias (COE)<\/strong>, en sinton\u00eda con el\u00a0<strong>regreso acordado de los vuelos nacionales y el transporte de media y larga distancia nacional.<\/strong><\/p>\n<p>\u201cConforme a este nuevo contexto, donde\u00a0<strong>se han dispuesto el retorno de los vuelos y transporte de larga distancia por parte de Naci\u00f3n, desde el COE se est\u00e1 trabajando en un nuevo protocolo de ingreso terrestre a la Provincia donde no se va requerir hisopado por PCR ni cuarentena<\/strong>\u201d, anticiparon al diario La Voz del Interior.<\/p>\n<p>Una medida id\u00e9ntica tom\u00f3 el\u00a0<strong>Gobierno de Mendoza, que decidi\u00f3 ya no exigir cuarentenas de 10 d\u00edas a quienes ingresen a su territorio\u00a0<\/strong>y desoblig\u00f3 de la presentaci\u00f3n de estudios de PCR negativos a los viajeros.<\/p>\n<p>\u201cTal como se estableci\u00f3 para la habilitaci\u00f3n de los servicios de transporte a\u00e9reo y terrestre, que comenzaron a funcionar este jueves, el\u00a0<strong>ingreso a C\u00f3rdoba ser\u00e1 libre para pasajeros que realizan actividades esenciales y para todos aquellos que porten el permiso que otorga el Gobierno Nacional.\u00a0<\/strong>En los ingresos a la provincia, la Polic\u00eda Caminera ser\u00e1 la encargada de controlar que se cumpla esta nueva disposici\u00f3n. Cabe recordar que los controles sanitarios de las fronteras ya se hab\u00edan levantado anteriormente. Esta nueva disposici\u00f3n comenzar\u00eda a regir el lunes\u201d, se\u00f1alaron desde el COE.<\/p>\n<p>Lo que exige es que todos los viajeros deber\u00e1n portar el \u201c<strong>Certificado \u00danico Habilitante para Circulaci\u00f3n \u2013 Emergencia Covid-19<\/strong>\u201d, y\/o \u201cel instrumento sustitutivo o complementario que la normativa vigente requiera\u201d.<\/p>\n<p>Adem\u00e1s,\u00a0<strong>deber\u00e1n descargar la aplicaci\u00f3n Cuidar y proceder al correcto llenado y actualizaci\u00f3n de los datos requeridos<\/strong>\u00a0por la misma, incluyendo la declaraci\u00f3n jurada por Covid-19, informaron.<\/p>\n<div class=\"oasis-despues-del-contenido\" id=\"oasis-4003172460\"><img loading=\"lazy\" decoding=\"async\" src=\"https:\/\/oasisfm935.com.ar\/site\/wp-content\/uploads\/2020\/08\/47806202-8741-49f2-a5c9-d2f930e5baa1.jpg\" alt=\"\"  srcset=\"https:\/\/oasisfm935.com.ar\/site\/wp-content\/uploads\/2020\/08\/47806202-8741-49f2-a5c9-d2f930e5baa1.jpg 1080w, https:\/\/oasisfm935.com.ar\/site\/wp-content\/uploads\/2020\/08\/47806202-8741-49f2-a5c9-d2f930e5baa1-300x300.jpg 300w, https:\/\/oasisfm935.com.ar\/site\/wp-content\/uploads\/2020\/08\/47806202-8741-49f2-a5c9-d2f930e5baa1-1024x1024.jpg 1024w, https:\/\/oasisfm935.com.ar\/site\/wp-content\/uploads\/2020\/08\/47806202-8741-49f2-a5c9-d2f930e5baa1-150x150.jpg 150w, https:\/\/oasisfm935.com.ar\/site\/wp-content\/uploads\/2020\/08\/47806202-8741-49f2-a5c9-d2f930e5baa1-768x768.jpg 768w\" sizes=\"(max-width: 1080px) 100vw, 1080px\" class=\"no-lazyload\" width=\"1080\" height=\"1080\"  style=\"display: inline-block;\" \/><\/div>","protected":false},"excerpt":{"rendered":"<p>La\u00a0Provincia de C\u00f3rdoba no exigir\u00e1 m\u00e1s hisopados negativos ni obligar\u00e1 a cuarentenas de dos semanas a quienes ingresen al territorio. Ser\u00e1\u00a0libre para<\/p>\n","protected":false},"author":4,"featured_media":7606,"comment_status":"closed","ping_status":"open","sticky":false,"template":"","format":"standard","meta":{"colormag_page_layout":"default_layout","footnotes":""},"categories":[2],"tags":[],"class_list":["post-7605","post","type-post","status-publish","format-standard","has-post-thumbnail","hentry","category-noticias"],"_links":{"self":[{"href":"https:\/\/oasisfm935.com.ar\/site\/wp-json\/wp\/v2\/posts\/7605","targetHints":{"allow":["GET"]}}],"collection":[{"href":"https:\/\/oasisfm935.com.ar\/site\/wp-json\/wp\/v2\/posts"}],"about":[{"href":"https:\/\/oasisfm935.com.ar\/site\/wp-json\/wp\/v2\/types\/post"}],"author":[{"embeddable":true,"href":"https:\/\/oasisfm935.com.ar\/site\/wp-json\/wp\/v2\/users\/4"}],"replies":[{"embeddable":true,"href":"https:\/\/oasisfm935.com.ar\/site\/wp-json\/wp\/v2\/comments?post=7605"}],"version-history":[{"count":1,"href":"https:\/\/oasisfm935.com.ar\/site\/wp-json\/wp\/v2\/posts\/7605\/revisions"}],"predecessor-version":[{"id":7607,"href":"https:\/\/oasisfm935.com.ar\/site\/wp-json\/wp\/v2\/posts\/7605\/revisions\/7607"}],"wp:featuredmedia":[{"embeddable":true,"href":"https:\/\/oasisfm935.com.ar\/site\/wp-json\/wp\/v2\/media\/7606"}],"wp:attachment":[{"href":"https:\/\/oasisfm935.com.ar\/site\/wp-json\/wp\/v2\/media?parent=7605"}],"wp:term":[{"taxonomy":"category","embeddable":true,"href":"https:\/\/oasisfm935.com.ar\/site\/wp-json\/wp\/v2\/categories?post=7605"},{"taxonomy":"post_tag","embeddable":true,"href":"https:\/\/oasisfm935.com.ar\/site\/wp-json\/wp\/v2\/tags?post=7605"}],"curies":[{"name":"wp","href":"https:\/\/api.w.org\/{rel}","templated":true}]}}