{"id":7625,"date":"2020-10-22T20:59:04","date_gmt":"2020-10-22T23:59:04","guid":{"rendered":"http:\/\/oasisfm935.com\/site\/?p=7625"},"modified":"2020-10-22T20:59:04","modified_gmt":"2020-10-22T23:59:04","slug":"la-pampa-daniel-kroneberger-positivo-de-covid-estoy-en-buen-estado-de-salud","status":"publish","type":"post","link":"https:\/\/oasisfm935.com.ar\/site\/la-pampa-daniel-kroneberger-positivo-de-covid-estoy-en-buen-estado-de-salud\/","title":{"rendered":"La Pampa: Daniel Kroneberger, positivo de covid: \u00abEstoy en buen estado de salud\u00bb"},"content":{"rendered":"<p>El dirigente y exdiputado nacional\u00a0de Cambiemos\u00a0Daniel Kroneberger dio positivo para covid-19\u00a0luego de realizarse el hisopado. Estaba aislado junto a su familia en su casa de Colonia Bar\u00f3n.<\/p>\n<p>\u00abLuego de algunos d\u00edas de aislamiento preventivo me realic\u00e9 el hisopado y el resultado fue positivo de Covid-19.\u00a0Estoy en buen estado de salud con algunas lineas de fiebre\u00bb,\u00a0dijo. \u00abJunto a mi familia seguiremos aislados, recuper\u00e1ndonos en nuestra casa de acuerdo a las indicaciones m\u00e9dicas. Les agradezco a todos las muestras de afecto y cari\u00f1o recibidas\u00bb, agreg\u00f3.<\/p>\n<p>D\u00edas atr\u00e1s, el exsenador hab\u00eda sido sometido a una operaci\u00f3n de cadera en un centro m\u00e9dico privado de Santa Rosa y se recuperaba en su casa. En las \u00faltimas horas asisti\u00f3 a un control de rutina y present\u00f3 fiebre por lo que fue hisopado y aislado preventivamente.<\/p>\n<p>&nbsp;<\/p>\n<div class=\"oasis-despues-del-contenido\" id=\"oasis-960878999\"><img loading=\"lazy\" decoding=\"async\" src=\"https:\/\/oasisfm935.com.ar\/site\/wp-content\/uploads\/2020\/08\/47806202-8741-49f2-a5c9-d2f930e5baa1.jpg\" alt=\"\"  srcset=\"https:\/\/oasisfm935.com.ar\/site\/wp-content\/uploads\/2020\/08\/47806202-8741-49f2-a5c9-d2f930e5baa1.jpg 1080w, https:\/\/oasisfm935.com.ar\/site\/wp-content\/uploads\/2020\/08\/47806202-8741-49f2-a5c9-d2f930e5baa1-300x300.jpg 300w, https:\/\/oasisfm935.com.ar\/site\/wp-content\/uploads\/2020\/08\/47806202-8741-49f2-a5c9-d2f930e5baa1-1024x1024.jpg 1024w, https:\/\/oasisfm935.com.ar\/site\/wp-content\/uploads\/2020\/08\/47806202-8741-49f2-a5c9-d2f930e5baa1-150x150.jpg 150w, https:\/\/oasisfm935.com.ar\/site\/wp-content\/uploads\/2020\/08\/47806202-8741-49f2-a5c9-d2f930e5baa1-768x768.jpg 768w\" sizes=\"(max-width: 1080px) 100vw, 1080px\" class=\"no-lazyload\" width=\"1080\" height=\"1080\"  style=\"display: inline-block;\" \/><\/div>","protected":false},"excerpt":{"rendered":"<p>El dirigente y exdiputado nacional\u00a0de Cambiemos\u00a0Daniel Kroneberger dio positivo para covid-19\u00a0luego de realizarse el hisopado. Estaba aislado junto a su familia en<\/p>\n","protected":false},"author":4,"featured_media":7626,"comment_status":"closed","ping_status":"open","sticky":false,"template":"","format":"standard","meta":{"colormag_page_layout":"default_layout","footnotes":""},"categories":[2],"tags":[],"class_list":["post-7625","post","type-post","status-publish","format-standard","has-post-thumbnail","hentry","category-noticias"],"_links":{"self":[{"href":"https:\/\/oasisfm935.com.ar\/site\/wp-json\/wp\/v2\/posts\/7625","targetHints":{"allow":["GET"]}}],"collection":[{"href":"https:\/\/oasisfm935.com.ar\/site\/wp-json\/wp\/v2\/posts"}],"about":[{"href":"https:\/\/oasisfm935.com.ar\/site\/wp-json\/wp\/v2\/types\/post"}],"author":[{"embeddable":true,"href":"https:\/\/oasisfm935.com.ar\/site\/wp-json\/wp\/v2\/users\/4"}],"replies":[{"embeddable":true,"href":"https:\/\/oasisfm935.com.ar\/site\/wp-json\/wp\/v2\/comments?post=7625"}],"version-history":[{"count":1,"href":"https:\/\/oasisfm935.com.ar\/site\/wp-json\/wp\/v2\/posts\/7625\/revisions"}],"predecessor-version":[{"id":7627,"href":"https:\/\/oasisfm935.com.ar\/site\/wp-json\/wp\/v2\/posts\/7625\/revisions\/7627"}],"wp:featuredmedia":[{"embeddable":true,"href":"https:\/\/oasisfm935.com.ar\/site\/wp-json\/wp\/v2\/media\/7626"}],"wp:attachment":[{"href":"https:\/\/oasisfm935.com.ar\/site\/wp-json\/wp\/v2\/media?parent=7625"}],"wp:term":[{"taxonomy":"category","embeddable":true,"href":"https:\/\/oasisfm935.com.ar\/site\/wp-json\/wp\/v2\/categories?post=7625"},{"taxonomy":"post_tag","embeddable":true,"href":"https:\/\/oasisfm935.com.ar\/site\/wp-json\/wp\/v2\/tags?post=7625"}],"curies":[{"name":"wp","href":"https:\/\/api.w.org\/{rel}","templated":true}]}}