{"id":763,"date":"2019-02-16T14:37:50","date_gmt":"2019-02-16T17:37:50","guid":{"rendered":"http:\/\/oasisfm935.com\/site\/?p=763"},"modified":"2019-02-16T14:45:34","modified_gmt":"2019-02-16T17:45:34","slug":"dos-luiggenses-volcaron-en-el-nuevo-acceso-de-caleufu","status":"publish","type":"post","link":"https:\/\/oasisfm935.com.ar\/site\/dos-luiggenses-volcaron-en-el-nuevo-acceso-de-caleufu\/","title":{"rendered":"DOS LUIGGENSES VOLCARON EN EL NUEVO ACCESO DE CALEUF\u00da."},"content":{"rendered":"<p>&nbsp;<\/p>\n<header>\n<div class=\"detalle\">El siniestro ocurri\u00f3 en horas de la madrugada alrededor de las 06:00. Este acceso, denominado \u00abOscar Mario Jorge\u00bb, comunica con la ruta provincial 9 que lleva a Ingeniero Luiggi.<\/div>\n<\/header>\n<div class=\"share_post\"><i class=\"fa fa-fw fa-lg fa-facebook\"><\/i>\u00a0<i class=\"fa fa-fw fa-lg fa-twitter\"><\/i>\u00a0<i class=\"fa fa-fw fa-lg fa-google-plus\"><\/i>\u00a0<i class=\"fa fa-fw fa-lg fa-linkedin\"><\/i>\u00a0<a href=\"http:\/\/oasisfm935.com\/site\/wp-content\/uploads\/2019\/02\/multimedia.normal.bffff368d091a831.7675656c636f206c75696767656e73657320315f6e6f726d616c2e6a7067.jpg\"><img loading=\"lazy\" decoding=\"async\" class=\"alignnone size-full wp-image-764\" src=\"http:\/\/oasisfm935.com\/site\/wp-content\/uploads\/2019\/02\/multimedia.normal.bffff368d091a831.7675656c636f206c75696767656e73657320315f6e6f726d616c2e6a7067.jpg\" alt=\"\" width=\"1060\" height=\"707\" srcset=\"https:\/\/oasisfm935.com.ar\/site\/wp-content\/uploads\/2019\/02\/multimedia.normal.bffff368d091a831.7675656c636f206c75696767656e73657320315f6e6f726d616c2e6a7067.jpg 1060w, https:\/\/oasisfm935.com.ar\/site\/wp-content\/uploads\/2019\/02\/multimedia.normal.bffff368d091a831.7675656c636f206c75696767656e73657320315f6e6f726d616c2e6a7067-300x200.jpg 300w, https:\/\/oasisfm935.com.ar\/site\/wp-content\/uploads\/2019\/02\/multimedia.normal.bffff368d091a831.7675656c636f206c75696767656e73657320315f6e6f726d616c2e6a7067-768x512.jpg 768w, https:\/\/oasisfm935.com.ar\/site\/wp-content\/uploads\/2019\/02\/multimedia.normal.bffff368d091a831.7675656c636f206c75696767656e73657320315f6e6f726d616c2e6a7067-1024x683.jpg 1024w\" sizes=\"auto, (max-width: 1060px) 100vw, 1060px\" \/><\/a><\/div>\n<div class=\"cuerpo fullpost__cuerpo\">\n<p>La polic\u00eda investiga el vuelco, pero confirm\u00f3 que no habr\u00edan intervenidos terceros en el accidente. Al parecer el conductor del Peugeot 307 perdi\u00f3 el control y termin\u00f3 volcando sobre una de las banquinas.<\/p>\n<p><a href=\"http:\/\/oasisfm935.com\/site\/wp-content\/uploads\/2019\/02\/multimedia.normal.b88238c771e40186.494d472d32303139303231362d5741303034355f6e6f726d616c2e6a7067.jpg\"><img loading=\"lazy\" decoding=\"async\" class=\"alignnone size-full wp-image-765\" src=\"http:\/\/oasisfm935.com\/site\/wp-content\/uploads\/2019\/02\/multimedia.normal.b88238c771e40186.494d472d32303139303231362d5741303034355f6e6f726d616c2e6a7067.jpg\" alt=\"\" width=\"1032\" height=\"774\" srcset=\"https:\/\/oasisfm935.com.ar\/site\/wp-content\/uploads\/2019\/02\/multimedia.normal.b88238c771e40186.494d472d32303139303231362d5741303034355f6e6f726d616c2e6a7067.jpg 1032w, https:\/\/oasisfm935.com.ar\/site\/wp-content\/uploads\/2019\/02\/multimedia.normal.b88238c771e40186.494d472d32303139303231362d5741303034355f6e6f726d616c2e6a7067-300x225.jpg 300w, https:\/\/oasisfm935.com.ar\/site\/wp-content\/uploads\/2019\/02\/multimedia.normal.b88238c771e40186.494d472d32303139303231362d5741303034355f6e6f726d616c2e6a7067-768x576.jpg 768w, https:\/\/oasisfm935.com.ar\/site\/wp-content\/uploads\/2019\/02\/multimedia.normal.b88238c771e40186.494d472d32303139303231362d5741303034355f6e6f726d616c2e6a7067-1024x768.jpg 1024w, https:\/\/oasisfm935.com.ar\/site\/wp-content\/uploads\/2019\/02\/multimedia.normal.b88238c771e40186.494d472d32303139303231362d5741303034355f6e6f726d616c2e6a7067-678x509.jpg 678w, https:\/\/oasisfm935.com.ar\/site\/wp-content\/uploads\/2019\/02\/multimedia.normal.b88238c771e40186.494d472d32303139303231362d5741303034355f6e6f726d616c2e6a7067-326x245.jpg 326w, https:\/\/oasisfm935.com.ar\/site\/wp-content\/uploads\/2019\/02\/multimedia.normal.b88238c771e40186.494d472d32303139303231362d5741303034355f6e6f726d616c2e6a7067-80x60.jpg 80w\" sizes=\"auto, (max-width: 1032px) 100vw, 1032px\" \/><\/a><\/p>\n<p>En el veh\u00edculo viajaban dos personas \u00a0mayores de edad, oriundas de Ingeniero Luiggi e identificadas como Eric Labiano Funes y Dario Dominguez, fueron asistidos y trasladados al centro asistencial de Caleuf\u00fa, donde se constataron lesiones leves. En el lugar trabaj\u00f3 personal de la departamental de aquella localidad a cargo del comisario Javier Resch.<\/p>\n<p><a href=\"http:\/\/oasisfm935.com\/site\/wp-content\/uploads\/2019\/02\/multimedia.normal.9495600c9e87f909.494d472d32303139303231362d5741303034345f6e6f726d616c2e6a7067.jpg\"><img loading=\"lazy\" decoding=\"async\" class=\"alignnone size-full wp-image-766\" src=\"http:\/\/oasisfm935.com\/site\/wp-content\/uploads\/2019\/02\/multimedia.normal.9495600c9e87f909.494d472d32303139303231362d5741303034345f6e6f726d616c2e6a7067.jpg\" alt=\"\" width=\"774\" height=\"1032\" srcset=\"https:\/\/oasisfm935.com.ar\/site\/wp-content\/uploads\/2019\/02\/multimedia.normal.9495600c9e87f909.494d472d32303139303231362d5741303034345f6e6f726d616c2e6a7067.jpg 774w, https:\/\/oasisfm935.com.ar\/site\/wp-content\/uploads\/2019\/02\/multimedia.normal.9495600c9e87f909.494d472d32303139303231362d5741303034345f6e6f726d616c2e6a7067-225x300.jpg 225w, https:\/\/oasisfm935.com.ar\/site\/wp-content\/uploads\/2019\/02\/multimedia.normal.9495600c9e87f909.494d472d32303139303231362d5741303034345f6e6f726d616c2e6a7067-768x1024.jpg 768w\" sizes=\"auto, (max-width: 774px) 100vw, 774px\" \/><\/a><\/p>\n<p>Fuente : Info Pico<\/p>\n<\/div>\n<div class=\"oasis-despues-del-contenido\" id=\"oasis-378000405\"><img loading=\"lazy\" decoding=\"async\" src=\"https:\/\/oasisfm935.com.ar\/site\/wp-content\/uploads\/2020\/08\/47806202-8741-49f2-a5c9-d2f930e5baa1.jpg\" alt=\"\"  srcset=\"https:\/\/oasisfm935.com.ar\/site\/wp-content\/uploads\/2020\/08\/47806202-8741-49f2-a5c9-d2f930e5baa1.jpg 1080w, https:\/\/oasisfm935.com.ar\/site\/wp-content\/uploads\/2020\/08\/47806202-8741-49f2-a5c9-d2f930e5baa1-300x300.jpg 300w, https:\/\/oasisfm935.com.ar\/site\/wp-content\/uploads\/2020\/08\/47806202-8741-49f2-a5c9-d2f930e5baa1-1024x1024.jpg 1024w, https:\/\/oasisfm935.com.ar\/site\/wp-content\/uploads\/2020\/08\/47806202-8741-49f2-a5c9-d2f930e5baa1-150x150.jpg 150w, https:\/\/oasisfm935.com.ar\/site\/wp-content\/uploads\/2020\/08\/47806202-8741-49f2-a5c9-d2f930e5baa1-768x768.jpg 768w\" sizes=\"(max-width: 1080px) 100vw, 1080px\" class=\"no-lazyload\" width=\"1080\" height=\"1080\"  style=\"display: inline-block;\" \/><\/div>","protected":false},"excerpt":{"rendered":"<p>&nbsp; El siniestro ocurri\u00f3 en horas de la madrugada alrededor de las 06:00. Este acceso, denominado \u00abOscar Mario Jorge\u00bb, comunica con la<\/p>\n","protected":false},"author":4,"featured_media":767,"comment_status":"closed","ping_status":"open","sticky":false,"template":"","format":"standard","meta":{"colormag_page_layout":"default_layout","footnotes":""},"categories":[2],"tags":[],"class_list":["post-763","post","type-post","status-publish","format-standard","has-post-thumbnail","hentry","category-noticias"],"_links":{"self":[{"href":"https:\/\/oasisfm935.com.ar\/site\/wp-json\/wp\/v2\/posts\/763","targetHints":{"allow":["GET"]}}],"collection":[{"href":"https:\/\/oasisfm935.com.ar\/site\/wp-json\/wp\/v2\/posts"}],"about":[{"href":"https:\/\/oasisfm935.com.ar\/site\/wp-json\/wp\/v2\/types\/post"}],"author":[{"embeddable":true,"href":"https:\/\/oasisfm935.com.ar\/site\/wp-json\/wp\/v2\/users\/4"}],"replies":[{"embeddable":true,"href":"https:\/\/oasisfm935.com.ar\/site\/wp-json\/wp\/v2\/comments?post=763"}],"version-history":[{"count":3,"href":"https:\/\/oasisfm935.com.ar\/site\/wp-json\/wp\/v2\/posts\/763\/revisions"}],"predecessor-version":[{"id":770,"href":"https:\/\/oasisfm935.com.ar\/site\/wp-json\/wp\/v2\/posts\/763\/revisions\/770"}],"wp:featuredmedia":[{"embeddable":true,"href":"https:\/\/oasisfm935.com.ar\/site\/wp-json\/wp\/v2\/media\/767"}],"wp:attachment":[{"href":"https:\/\/oasisfm935.com.ar\/site\/wp-json\/wp\/v2\/media?parent=763"}],"wp:term":[{"taxonomy":"category","embeddable":true,"href":"https:\/\/oasisfm935.com.ar\/site\/wp-json\/wp\/v2\/categories?post=763"},{"taxonomy":"post_tag","embeddable":true,"href":"https:\/\/oasisfm935.com.ar\/site\/wp-json\/wp\/v2\/tags?post=763"}],"curies":[{"name":"wp","href":"https:\/\/api.w.org\/{rel}","templated":true}]}}