{"id":7632,"date":"2020-10-23T09:17:39","date_gmt":"2020-10-23T12:17:39","guid":{"rendered":"http:\/\/oasisfm935.com\/site\/?p=7632"},"modified":"2020-10-23T09:17:39","modified_gmt":"2020-10-23T12:17:39","slug":"la-pampa-murio-un-paciente-de-pico-y-son-25-las-victimas-por-el-coronavirus","status":"publish","type":"post","link":"https:\/\/oasisfm935.com.ar\/site\/la-pampa-murio-un-paciente-de-pico-y-son-25-las-victimas-por-el-coronavirus\/","title":{"rendered":"La Pampa: Muri\u00f3 un paciente de Pico y son 25 las v\u00edctimas por el coronavirus"},"content":{"rendered":"<p><strong>Ten\u00eda 74 a\u00f1os y estaba internado desde hac\u00eda 11 d\u00edas<\/strong>. Durante la jornada de ayer hubo un r\u00e9cord de 137 contagios y cuatro nuevas muertes en la provincia.<\/p>\n<p>El Gobierno Provincial, a trav\u00e9s del Ministerio de Salud, dio a conocer que este viernes se produjo el fallecimiento de un paciente internado en el Hospital Modular de General Pico.<\/p>\n<p>\u00abSe trata de un hombre de 74 a\u00f1os, que curs\u00f3 11 d\u00edas de internaci\u00f3n en el Hospital Modular de la ciudad de General Pico, de donde era oriundo. El comprovinciano se hallaba internado por presentar patolog\u00eda respiratoria COVID-19 positivo\u00bb, destac\u00f3 un comunicado de prensa oficial.<\/p>\n<div class=\"oasis-despues-del-contenido\" id=\"oasis-2793855684\"><img loading=\"lazy\" decoding=\"async\" src=\"https:\/\/oasisfm935.com.ar\/site\/wp-content\/uploads\/2020\/08\/47806202-8741-49f2-a5c9-d2f930e5baa1.jpg\" alt=\"\"  srcset=\"https:\/\/oasisfm935.com.ar\/site\/wp-content\/uploads\/2020\/08\/47806202-8741-49f2-a5c9-d2f930e5baa1.jpg 1080w, https:\/\/oasisfm935.com.ar\/site\/wp-content\/uploads\/2020\/08\/47806202-8741-49f2-a5c9-d2f930e5baa1-300x300.jpg 300w, https:\/\/oasisfm935.com.ar\/site\/wp-content\/uploads\/2020\/08\/47806202-8741-49f2-a5c9-d2f930e5baa1-1024x1024.jpg 1024w, https:\/\/oasisfm935.com.ar\/site\/wp-content\/uploads\/2020\/08\/47806202-8741-49f2-a5c9-d2f930e5baa1-150x150.jpg 150w, https:\/\/oasisfm935.com.ar\/site\/wp-content\/uploads\/2020\/08\/47806202-8741-49f2-a5c9-d2f930e5baa1-768x768.jpg 768w\" sizes=\"(max-width: 1080px) 100vw, 1080px\" class=\"no-lazyload\" width=\"1080\" height=\"1080\"  style=\"display: inline-block;\" \/><\/div>","protected":false},"excerpt":{"rendered":"<p>Ten\u00eda 74 a\u00f1os y estaba internado desde hac\u00eda 11 d\u00edas. Durante la jornada de ayer hubo un r\u00e9cord de 137 contagios y<\/p>\n","protected":false},"author":4,"featured_media":7633,"comment_status":"closed","ping_status":"open","sticky":false,"template":"","format":"standard","meta":{"colormag_page_layout":"default_layout","footnotes":""},"categories":[2],"tags":[],"class_list":["post-7632","post","type-post","status-publish","format-standard","has-post-thumbnail","hentry","category-noticias"],"_links":{"self":[{"href":"https:\/\/oasisfm935.com.ar\/site\/wp-json\/wp\/v2\/posts\/7632","targetHints":{"allow":["GET"]}}],"collection":[{"href":"https:\/\/oasisfm935.com.ar\/site\/wp-json\/wp\/v2\/posts"}],"about":[{"href":"https:\/\/oasisfm935.com.ar\/site\/wp-json\/wp\/v2\/types\/post"}],"author":[{"embeddable":true,"href":"https:\/\/oasisfm935.com.ar\/site\/wp-json\/wp\/v2\/users\/4"}],"replies":[{"embeddable":true,"href":"https:\/\/oasisfm935.com.ar\/site\/wp-json\/wp\/v2\/comments?post=7632"}],"version-history":[{"count":1,"href":"https:\/\/oasisfm935.com.ar\/site\/wp-json\/wp\/v2\/posts\/7632\/revisions"}],"predecessor-version":[{"id":7634,"href":"https:\/\/oasisfm935.com.ar\/site\/wp-json\/wp\/v2\/posts\/7632\/revisions\/7634"}],"wp:featuredmedia":[{"embeddable":true,"href":"https:\/\/oasisfm935.com.ar\/site\/wp-json\/wp\/v2\/media\/7633"}],"wp:attachment":[{"href":"https:\/\/oasisfm935.com.ar\/site\/wp-json\/wp\/v2\/media?parent=7632"}],"wp:term":[{"taxonomy":"category","embeddable":true,"href":"https:\/\/oasisfm935.com.ar\/site\/wp-json\/wp\/v2\/categories?post=7632"},{"taxonomy":"post_tag","embeddable":true,"href":"https:\/\/oasisfm935.com.ar\/site\/wp-json\/wp\/v2\/tags?post=7632"}],"curies":[{"name":"wp","href":"https:\/\/api.w.org\/{rel}","templated":true}]}}