{"id":7644,"date":"2020-10-23T17:16:09","date_gmt":"2020-10-23T20:16:09","guid":{"rendered":"http:\/\/oasisfm935.com\/site\/?p=7644"},"modified":"2020-10-23T17:16:09","modified_gmt":"2020-10-23T20:16:09","slug":"cuarentena-hasta-el-8-de-noviembre-rige-el-distanciamiento-social-en-la-pampa","status":"publish","type":"post","link":"https:\/\/oasisfm935.com.ar\/site\/cuarentena-hasta-el-8-de-noviembre-rige-el-distanciamiento-social-en-la-pampa\/","title":{"rendered":"Cuarentena: hasta el 8 de noviembre rige el Distanciamiento Social en La Pampa"},"content":{"rendered":"<p>Desde Misiones el presidente Alberto Fern\u00e1ndez posterg\u00f3 el aislamiento en AMBA y ocho provincias.\u00a0<strong>La Pampa, entre los 16 distritos donde rige el Distanciamiento Social y se mantienen las actividades econ\u00f3micas habilitadas.<\/strong><\/p>\n<p>Alberto Fern\u00e1ndez dijo, desde Misiones, que la decisi\u00f3n abarca a las provincias donde se registra el mayor n\u00famero de contagios por coronavirus y en el \u00c1rea Metropolitana de Buenos Aires (AMBA), donde \u00aba pesar de que hay una baja clara, todav\u00eda no estamos en condiciones de quedarnos tranquilos\u00bb.<\/p>\n<p>El Presidente se\u00f1al\u00f3 que \u00abvamos a seguir exactamente en las mismas condiciones en las provincias\u00bb donde se registra el mayor n\u00famero de contagios por coronavirus, y en el \u00c1rea Metropolitana de Buenos Aires (AMBA), donde \u00aba pesar de que hay una baja clara, todav\u00eda no estamos en condiciones de quedarnos tranquilos\u00bb.<\/p>\n<p>El Presidente dijo que \u00abestamos como estabiliz\u00e1ndonos en una meseta de 15 mil casos diarios\u00bb de coronavirus y \u00abel interior del pa\u00eds ha diseminado el virus m\u00e1s all\u00e1 de las ciudades\u00bb.<\/p>\n<p>\u00abDecid\u00ed concentrar el esfuerzo en las 8 provincias donde se concentra el 55 por ciento de los contagios\u00bb, dijo al hablar junto al gobernador Oscar Herrera Ahuad y el ministro de Salud, Gines Gonz\u00e1lez Garc\u00eda.<\/p>\n<p><strong>Las ocho provincias a las que hace referencia el Presidente son Buenos Aires, Chaco, Chubut, C\u00f3rdoba, La Rioja, Mendoza, Neuqu\u00e9n, R\u00edo Negro, Salta, San Luis, Santa Cruz, Santa Fe, Santiago del Estero, Tierra del Fuego y Tucum\u00e1n.<\/strong><\/p>\n<p>\u201cDesde el d\u00eda en que venza la cuarentena, vamos a seguir como estamos durante 14 d\u00edas m\u00e1s en las mismas condiciones que estamos ahora. Es aislamiento para unos y distanciamiento social para otros\u201d, aclar\u00f3.<\/p>\n<p>El aislamiento terminaba el domingo 25 de octubre a las 24 horas y se posterg\u00f3 hasta el domingo 8 de noviembre a las 24 horas.<\/p>\n<p>En el comunicado oficial de presidencia se\u00f1alaron que \u201ca partir del lunes estar\u00e1n bajo la modalidad de *DISTANCIAMIENTO SOCIAL, PREVENTIVO Y OBLIGATORIO (DISPO) las provincias de Misiones, Corrientes, Formosa, Entre R\u00edos, Catamarca, Jujuy, La Pampa y San Juan\u201d<\/p>\n<p>\u201cAlgunos departamentos y ciudades de 16 provincias estar\u00e1n bajo la modalidad de AISLAMIENTO SOCIAL PREVENTIVO Y OBLIGATORIO (ASPO): AMBA, Buenos Aires, Chaco, Chubut, C\u00f3rdoba, La Rioja, Mendoza, Neuqu\u00e9n, R\u00edo Negro, Salta, San Luis, Santa Cruz, Santa Fe, Santiago del Estero, Tierra del Fuego y Tucum\u00e1n\u201d, aclararon.<\/p>\n<p>\u201cLa pandemia contin\u00faa y su impacto es distinto en cada lugar de nuestro pa\u00eds. En muchas ciudades hay un aumento sostenido de casos lo que provoca que el sistema de salud de esos lugares se encuentre muy exigido ante la necesidad de garantizar los cuidados necesarios a cada persona que lo requiera\u201d, destacaron.<\/p>\n<p>ASPO NO ES \u201cFASE 1\u201d<\/p>\n<p>AISLAMIENTO SOCIAL PREVENTIVO Y OBLIGATORIO bajo el cual las personas pueden \u00fanicamente desarrollar y circular a fin de realizar las actividades que han sido autorizadas, que abarcan tanto la provisi\u00f3n de productos y servicios esenciales y, actualmente, la realizaci\u00f3n de la mayor\u00eda de las actividades econ\u00f3micas y ciertas actividades sociales, deportivas recreativas.<\/p>\n<p>Estas actividades deben ser desarrolladas de acuerdo a estrictos protocolos y control sanitario que hicieron posible su aprobaci\u00f3n.<\/p>\n<p>Bajo el ASPO, las actividades pueden ser autorizadas por el Jefe de Gabinete de Ministros, en las localidades de m\u00e1s de 500.000 habitantes -previo pedido del Gobernador- o por el Gobernador mismo, en los casos de localidades de menos de 500.000 habitantes.<\/p>\n<p>DISPO: DISTANCIAMIENTO SOCIAL, PREVENTIVO Y OBLIGATORIO cuando las condiciones sanitarias m\u00e1s favorables lo permiten, pueden desarrollarse la mayor\u00eda de las actividades econ\u00f3micas y sociales cumpliendo los protocolos sanitarios establecidos por cada jurisdicci\u00f3n.<\/p>\n<p>Es obligatorio mantener la distancia f\u00edsica de dos metros con otras personas, el uso del barbijo, el lavado de manos y la ventilaci\u00f3n de ambientes. Est\u00e1n prohibidas las aglomeraciones.<\/p>\n<p>Estas medidas tienen una vigencia de 14 d\u00edas a partir de la pr\u00f3rroga del decreto vigente.<\/p>\n<div class=\"oasis-despues-del-contenido\" id=\"oasis-1888881451\"><img loading=\"lazy\" decoding=\"async\" src=\"https:\/\/oasisfm935.com.ar\/site\/wp-content\/uploads\/2020\/08\/47806202-8741-49f2-a5c9-d2f930e5baa1.jpg\" alt=\"\"  srcset=\"https:\/\/oasisfm935.com.ar\/site\/wp-content\/uploads\/2020\/08\/47806202-8741-49f2-a5c9-d2f930e5baa1.jpg 1080w, https:\/\/oasisfm935.com.ar\/site\/wp-content\/uploads\/2020\/08\/47806202-8741-49f2-a5c9-d2f930e5baa1-300x300.jpg 300w, https:\/\/oasisfm935.com.ar\/site\/wp-content\/uploads\/2020\/08\/47806202-8741-49f2-a5c9-d2f930e5baa1-1024x1024.jpg 1024w, https:\/\/oasisfm935.com.ar\/site\/wp-content\/uploads\/2020\/08\/47806202-8741-49f2-a5c9-d2f930e5baa1-150x150.jpg 150w, https:\/\/oasisfm935.com.ar\/site\/wp-content\/uploads\/2020\/08\/47806202-8741-49f2-a5c9-d2f930e5baa1-768x768.jpg 768w\" sizes=\"(max-width: 1080px) 100vw, 1080px\" class=\"no-lazyload\" width=\"1080\" height=\"1080\"  style=\"display: inline-block;\" \/><\/div>","protected":false},"excerpt":{"rendered":"<p>Desde Misiones el presidente Alberto Fern\u00e1ndez posterg\u00f3 el aislamiento en AMBA y ocho provincias.\u00a0La Pampa, entre los 16 distritos donde rige el<\/p>\n","protected":false},"author":4,"featured_media":7645,"comment_status":"closed","ping_status":"open","sticky":false,"template":"","format":"standard","meta":{"colormag_page_layout":"default_layout","footnotes":""},"categories":[2],"tags":[],"class_list":["post-7644","post","type-post","status-publish","format-standard","has-post-thumbnail","hentry","category-noticias"],"_links":{"self":[{"href":"https:\/\/oasisfm935.com.ar\/site\/wp-json\/wp\/v2\/posts\/7644","targetHints":{"allow":["GET"]}}],"collection":[{"href":"https:\/\/oasisfm935.com.ar\/site\/wp-json\/wp\/v2\/posts"}],"about":[{"href":"https:\/\/oasisfm935.com.ar\/site\/wp-json\/wp\/v2\/types\/post"}],"author":[{"embeddable":true,"href":"https:\/\/oasisfm935.com.ar\/site\/wp-json\/wp\/v2\/users\/4"}],"replies":[{"embeddable":true,"href":"https:\/\/oasisfm935.com.ar\/site\/wp-json\/wp\/v2\/comments?post=7644"}],"version-history":[{"count":1,"href":"https:\/\/oasisfm935.com.ar\/site\/wp-json\/wp\/v2\/posts\/7644\/revisions"}],"predecessor-version":[{"id":7646,"href":"https:\/\/oasisfm935.com.ar\/site\/wp-json\/wp\/v2\/posts\/7644\/revisions\/7646"}],"wp:featuredmedia":[{"embeddable":true,"href":"https:\/\/oasisfm935.com.ar\/site\/wp-json\/wp\/v2\/media\/7645"}],"wp:attachment":[{"href":"https:\/\/oasisfm935.com.ar\/site\/wp-json\/wp\/v2\/media?parent=7644"}],"wp:term":[{"taxonomy":"category","embeddable":true,"href":"https:\/\/oasisfm935.com.ar\/site\/wp-json\/wp\/v2\/categories?post=7644"},{"taxonomy":"post_tag","embeddable":true,"href":"https:\/\/oasisfm935.com.ar\/site\/wp-json\/wp\/v2\/tags?post=7644"}],"curies":[{"name":"wp","href":"https:\/\/api.w.org\/{rel}","templated":true}]}}