{"id":7648,"date":"2020-10-23T18:55:53","date_gmt":"2020-10-23T21:55:53","guid":{"rendered":"http:\/\/oasisfm935.com\/site\/?p=7648"},"modified":"2020-10-23T18:55:53","modified_gmt":"2020-10-23T21:55:53","slug":"la-pampa-se-confirmaron-los-primeros-2-casos-en-la-maruja","status":"publish","type":"post","link":"https:\/\/oasisfm935.com.ar\/site\/la-pampa-se-confirmaron-los-primeros-2-casos-en-la-maruja\/","title":{"rendered":"La Pampa: Se confirmaron los primeros 2 casos en La Maruja."},"content":{"rendered":"<p>El Comit\u00e9 de Crisis de La Maruja informa que, en el d\u00eda de la fecha, se registraron 2 casos positivos para Coronavirus. Se encuentran aisladas en forma preventiva 53 personas por contacto estrecho de caso positivo de COVID 19.<\/p>\n<p>El equipo de profesionales est\u00e1 abocado a establecer la trazabilidad de los contactos de contactos estrechos. El edificio municipal y sus dependencias permanecer\u00e1n cerradas\u00a0 al p\u00fablico como medidas de prevenci\u00f3n ante la situaci\u00f3n sanitaria.<\/p>\n<p>El Establecimiento Asistencial Matilde y Virginia Ghioldi, atender\u00e1 s\u00f3lo #URGENCIAS. Medicamentos y recetas comunicarse por tel\u00e9fono.\u00a0 Al 02335 &#8211; 499138\u00a0 \/ #Guardia 02335 &#8211; 499288<\/p>\n<p>La Planta de Agua se mantendr\u00e1 abierta a la comunidad, se suspenden actividades deportivas, religiosas y culturales.<\/p>\n<p>Comercios continuar con el cumplimiento de las medidas de protecci\u00f3n y seguridad. Se le ruega a la comunidad mantener la calma, y colaborar con el cumplimiento de los protocolos.<\/p>\n<p><a href=\"http:\/\/oasisfm935.com\/site\/wp-content\/uploads\/2020\/10\/thumbnail_FB_IMG_1603489543988.jpg\"><img loading=\"lazy\" decoding=\"async\" class=\"alignnone size-full wp-image-7649\" src=\"http:\/\/oasisfm935.com\/site\/wp-content\/uploads\/2020\/10\/thumbnail_FB_IMG_1603489543988.jpg\" alt=\"\" width=\"720\" height=\"720\" srcset=\"https:\/\/oasisfm935.com.ar\/site\/wp-content\/uploads\/2020\/10\/thumbnail_FB_IMG_1603489543988.jpg 720w, https:\/\/oasisfm935.com.ar\/site\/wp-content\/uploads\/2020\/10\/thumbnail_FB_IMG_1603489543988-300x300.jpg 300w, https:\/\/oasisfm935.com.ar\/site\/wp-content\/uploads\/2020\/10\/thumbnail_FB_IMG_1603489543988-150x150.jpg 150w\" sizes=\"auto, (max-width: 720px) 100vw, 720px\" \/><\/a><\/p>\n<p>&nbsp;<\/p>\n<div class=\"oasis-despues-del-contenido\" id=\"oasis-415934404\"><img loading=\"lazy\" decoding=\"async\" src=\"https:\/\/oasisfm935.com.ar\/site\/wp-content\/uploads\/2020\/08\/47806202-8741-49f2-a5c9-d2f930e5baa1.jpg\" alt=\"\"  srcset=\"https:\/\/oasisfm935.com.ar\/site\/wp-content\/uploads\/2020\/08\/47806202-8741-49f2-a5c9-d2f930e5baa1.jpg 1080w, https:\/\/oasisfm935.com.ar\/site\/wp-content\/uploads\/2020\/08\/47806202-8741-49f2-a5c9-d2f930e5baa1-300x300.jpg 300w, https:\/\/oasisfm935.com.ar\/site\/wp-content\/uploads\/2020\/08\/47806202-8741-49f2-a5c9-d2f930e5baa1-1024x1024.jpg 1024w, https:\/\/oasisfm935.com.ar\/site\/wp-content\/uploads\/2020\/08\/47806202-8741-49f2-a5c9-d2f930e5baa1-150x150.jpg 150w, https:\/\/oasisfm935.com.ar\/site\/wp-content\/uploads\/2020\/08\/47806202-8741-49f2-a5c9-d2f930e5baa1-768x768.jpg 768w\" sizes=\"(max-width: 1080px) 100vw, 1080px\" class=\"no-lazyload\" width=\"1080\" height=\"1080\"  style=\"display: inline-block;\" \/><\/div>","protected":false},"excerpt":{"rendered":"<p>El Comit\u00e9 de Crisis de La Maruja informa que, en el d\u00eda de la fecha, se registraron 2 casos positivos para Coronavirus.<\/p>\n","protected":false},"author":4,"featured_media":7650,"comment_status":"closed","ping_status":"open","sticky":false,"template":"","format":"standard","meta":{"colormag_page_layout":"default_layout","footnotes":""},"categories":[2],"tags":[],"class_list":["post-7648","post","type-post","status-publish","format-standard","has-post-thumbnail","hentry","category-noticias"],"_links":{"self":[{"href":"https:\/\/oasisfm935.com.ar\/site\/wp-json\/wp\/v2\/posts\/7648","targetHints":{"allow":["GET"]}}],"collection":[{"href":"https:\/\/oasisfm935.com.ar\/site\/wp-json\/wp\/v2\/posts"}],"about":[{"href":"https:\/\/oasisfm935.com.ar\/site\/wp-json\/wp\/v2\/types\/post"}],"author":[{"embeddable":true,"href":"https:\/\/oasisfm935.com.ar\/site\/wp-json\/wp\/v2\/users\/4"}],"replies":[{"embeddable":true,"href":"https:\/\/oasisfm935.com.ar\/site\/wp-json\/wp\/v2\/comments?post=7648"}],"version-history":[{"count":1,"href":"https:\/\/oasisfm935.com.ar\/site\/wp-json\/wp\/v2\/posts\/7648\/revisions"}],"predecessor-version":[{"id":7651,"href":"https:\/\/oasisfm935.com.ar\/site\/wp-json\/wp\/v2\/posts\/7648\/revisions\/7651"}],"wp:featuredmedia":[{"embeddable":true,"href":"https:\/\/oasisfm935.com.ar\/site\/wp-json\/wp\/v2\/media\/7650"}],"wp:attachment":[{"href":"https:\/\/oasisfm935.com.ar\/site\/wp-json\/wp\/v2\/media?parent=7648"}],"wp:term":[{"taxonomy":"category","embeddable":true,"href":"https:\/\/oasisfm935.com.ar\/site\/wp-json\/wp\/v2\/categories?post=7648"},{"taxonomy":"post_tag","embeddable":true,"href":"https:\/\/oasisfm935.com.ar\/site\/wp-json\/wp\/v2\/tags?post=7648"}],"curies":[{"name":"wp","href":"https:\/\/api.w.org\/{rel}","templated":true}]}}