{"id":7659,"date":"2020-10-23T21:21:36","date_gmt":"2020-10-24T00:21:36","guid":{"rendered":"http:\/\/oasisfm935.com\/site\/?p=7659"},"modified":"2020-10-23T21:21:36","modified_gmt":"2020-10-24T00:21:36","slug":"la-pampa-los-positivos-no-bajan-121-de-494-muestras-analizadas","status":"publish","type":"post","link":"https:\/\/oasisfm935.com.ar\/site\/la-pampa-los-positivos-no-bajan-121-de-494-muestras-analizadas\/","title":{"rendered":"La Pampa: Los positivos no bajan: 121 de 494 muestras analizadas."},"content":{"rendered":"<p>La provincia tuvo hoy otro pico de contagios con 60 casos en Santa Rosa y 39 en General Pico.<\/p>\n<p>El Ministerio de Salud inform\u00f3 que en los laboratorios del Hospital Gobernador Centeno de General Pico, en el Lucio Molas y en la Direcci\u00f3n de Epidemiolog\u00eda de Santa Rosa, se analizaron 494 muestras con 121 positivos, 60 en Santa Rosa, 39 en General Pico, ocho en Toay, siete en 25 de Mayo, dos en La Maruja, dos en La Adela, uno en Catril\u00f3, uno en Macach\u00edn y uno en Realic\u00f3.<\/p>\n<p>Adem\u00e1s, se supo que de los testeos confirmados para COVID \u2013 19, 97 eran contactos estrechos y 24 contin\u00faan en etapa de investigaci\u00f3n epidemiol\u00f3gica. Hasta el presente reporte, en La Pampa, se encuentran aisladas 10.754 personas.<\/p>\n<p><strong>Desde el inicio de la pandemia, en La Pampa, se registraron un total de 2.233 casos positivos, de los cuales 1.032 permanecen activos, 25 han fallecido y 1176 se han recuperado<\/strong>, entre estos \u00faltimos se encuentran, 46 personas de Santa Rosa, 27 de General Pico, siete de Trenel, seis de Toay, uno de Quem\u00fa Quem\u00fa y uno de Maisonnave.<\/p>\n<p><strong>Los casos confirmados activos est\u00e1n distribuidos de la siguiente manera:<\/strong>\u00a0601 en la ciudad de Santa Rosa, 230 en General Pico, 54 en Toay, 21 en Trenel, 30 en 25 de Mayo, 13 en Macach\u00edn, 11 en Eduardo Castex , diez en Quem\u00fa Quem\u00fa, nueve en Guatrach\u00e9,\u00a0 ocho en La Adela , siete en Intendente Alvear,\u00a0 seis en Realic\u00f3, cinco en Uriburu,\u00a0 tres en Winifreda, tres en Santa Teresa, tres en General Acha, dos en Ingeniero Luiggi, dos en Conhello, dos en Caleuf\u00fa, dos en Victorica, dos en La Maruja, dos en Catril\u00f3, uno en Tril\u00ed, uno en Anguil, uno en Bernasconi, uno en Algarrobo del \u00c1guila, uno en Lonquimay y uno en General Campos.<\/p>\n<p>Adem\u00e1s,\u00a0<strong>45 pacientes permanecen internados.<\/strong>\u00a0En General Pico diez est\u00e1n en modulares y tres en sala de terapia intensiva. En Santa Rosa se encuentran internados 32 pacientes, 13 en cl\u00ednica m\u00e9dica, 11 en sala de terapia intensiva y occho en modulares.<\/p>\n<p>La edad promedio de los pacientes internados en terapia intensiva es de 51,7 a\u00f1os.<\/p>\n<div class=\"oasis-despues-del-contenido\" id=\"oasis-3629797907\"><img loading=\"lazy\" decoding=\"async\" src=\"https:\/\/oasisfm935.com.ar\/site\/wp-content\/uploads\/2020\/08\/47806202-8741-49f2-a5c9-d2f930e5baa1.jpg\" alt=\"\"  srcset=\"https:\/\/oasisfm935.com.ar\/site\/wp-content\/uploads\/2020\/08\/47806202-8741-49f2-a5c9-d2f930e5baa1.jpg 1080w, https:\/\/oasisfm935.com.ar\/site\/wp-content\/uploads\/2020\/08\/47806202-8741-49f2-a5c9-d2f930e5baa1-300x300.jpg 300w, https:\/\/oasisfm935.com.ar\/site\/wp-content\/uploads\/2020\/08\/47806202-8741-49f2-a5c9-d2f930e5baa1-1024x1024.jpg 1024w, https:\/\/oasisfm935.com.ar\/site\/wp-content\/uploads\/2020\/08\/47806202-8741-49f2-a5c9-d2f930e5baa1-150x150.jpg 150w, https:\/\/oasisfm935.com.ar\/site\/wp-content\/uploads\/2020\/08\/47806202-8741-49f2-a5c9-d2f930e5baa1-768x768.jpg 768w\" sizes=\"(max-width: 1080px) 100vw, 1080px\" class=\"no-lazyload\" width=\"1080\" height=\"1080\"  style=\"display: inline-block;\" \/><\/div>","protected":false},"excerpt":{"rendered":"<p>La provincia tuvo hoy otro pico de contagios con 60 casos en Santa Rosa y 39 en General Pico. El Ministerio de<\/p>\n","protected":false},"author":4,"featured_media":7660,"comment_status":"closed","ping_status":"open","sticky":false,"template":"","format":"standard","meta":{"colormag_page_layout":"default_layout","footnotes":""},"categories":[2],"tags":[],"class_list":["post-7659","post","type-post","status-publish","format-standard","has-post-thumbnail","hentry","category-noticias"],"_links":{"self":[{"href":"https:\/\/oasisfm935.com.ar\/site\/wp-json\/wp\/v2\/posts\/7659","targetHints":{"allow":["GET"]}}],"collection":[{"href":"https:\/\/oasisfm935.com.ar\/site\/wp-json\/wp\/v2\/posts"}],"about":[{"href":"https:\/\/oasisfm935.com.ar\/site\/wp-json\/wp\/v2\/types\/post"}],"author":[{"embeddable":true,"href":"https:\/\/oasisfm935.com.ar\/site\/wp-json\/wp\/v2\/users\/4"}],"replies":[{"embeddable":true,"href":"https:\/\/oasisfm935.com.ar\/site\/wp-json\/wp\/v2\/comments?post=7659"}],"version-history":[{"count":1,"href":"https:\/\/oasisfm935.com.ar\/site\/wp-json\/wp\/v2\/posts\/7659\/revisions"}],"predecessor-version":[{"id":7661,"href":"https:\/\/oasisfm935.com.ar\/site\/wp-json\/wp\/v2\/posts\/7659\/revisions\/7661"}],"wp:featuredmedia":[{"embeddable":true,"href":"https:\/\/oasisfm935.com.ar\/site\/wp-json\/wp\/v2\/media\/7660"}],"wp:attachment":[{"href":"https:\/\/oasisfm935.com.ar\/site\/wp-json\/wp\/v2\/media?parent=7659"}],"wp:term":[{"taxonomy":"category","embeddable":true,"href":"https:\/\/oasisfm935.com.ar\/site\/wp-json\/wp\/v2\/categories?post=7659"},{"taxonomy":"post_tag","embeddable":true,"href":"https:\/\/oasisfm935.com.ar\/site\/wp-json\/wp\/v2\/tags?post=7659"}],"curies":[{"name":"wp","href":"https:\/\/api.w.org\/{rel}","templated":true}]}}