{"id":7690,"date":"2020-10-24T20:25:22","date_gmt":"2020-10-24T23:25:22","guid":{"rendered":"http:\/\/oasisfm935.com\/site\/?p=7690"},"modified":"2020-10-24T20:25:22","modified_gmt":"2020-10-24T23:25:22","slug":"la-pampa-covid-19-99-nuevos-casos-positivos-en-la-provincia-ing-luiggi-suma-un-caso-mas-y-un-recuperado","status":"publish","type":"post","link":"https:\/\/oasisfm935.com.ar\/site\/la-pampa-covid-19-99-nuevos-casos-positivos-en-la-provincia-ing-luiggi-suma-un-caso-mas-y-un-recuperado\/","title":{"rendered":"La Pampa COVID-19: 99 nuevos casos positivos en la provincia, Ing Luiggi suma un caso mas y un recuperado."},"content":{"rendered":"<p>De ellos, 68 eran contactos estrechos y 31 contin\u00faan en etapa de investigaci\u00f3n epidemiol\u00f3gica. Al momento del presente reporte, en La Pampa, se encuentran aisladas 11.555 personas.<\/p>\n<p>El Gobierno de la provincia de La Pampa, a trav\u00e9s del Ministerio de Salud, comunic\u00f3 que en horas de la tarde del d\u00eda 24 de octubre se finaliz\u00f3 con el procesamiento de 442 muestras en los laboratorios de la Direcci\u00f3n de Epidemiolog\u00eda y del Establecimiento Asistencial Gobernador Centeno y Lucio Molas, de las cuales 99 resultaron positivas para COVID-19.<\/p>\n<p>De las personas diagnosticadas, 39 residen en Santa Rosa, 36 en General Pico, 5 en Eduardo Castex, 4 en Realic\u00f3, 2 en Caleuf\u00fa, 2 en Conhello, 2 en Trenel, 2 en 25 de Mayo, 1 en Victorica, 1 en Uriburu, 1 en Macach\u00edn, 1 en Ataliva Roca, 1 en Speluzzi, 1 en Ingeniero Luiggi y 1 en Quem\u00fa Quem\u00fa. De los 99 casos confirmados en la tarde de hoy, 68 se encontraban aislados por ser considerados contactos estrechos, mientras que 31 casos contin\u00faan en investigaci\u00f3n epidemiol\u00f3gica.<\/p>\n<p><strong>Situaci\u00f3n provincial:\u00a0<\/strong><\/p>\n<p>Desde el inicio de la pandemia, en la provincia, se registraron un total de 2.332 casos positivos para COVID-19, de los cuales 1.057 permanecen activos, 27 han fallecido y 1.248 se han recuperado, entre estos \u00faltimos se encuentran:\u00a0 56 personas de Santa Rosa, 4 de General Pico, 9 de Toay, 2 de Intendente Alvear y 1 de Ingeniero Luiggi.<\/p>\n<p>Los casos confirmados activos est\u00e1n distribuidos de la siguiente manera: 583 en la ciudad de Santa Rosa, 262 en General Pico, 45 en Toay, 23 en Trenel, 32 en 25 de Mayo, 14 en Macach\u00edn, 11 en Quem\u00fa Quem\u00fa, 16 en Eduardo Castex, 9 en Guatrach\u00e9,\u00a0 4 en Intendente Alvear,\u00a0 8 en La Adela, 6 en Uriburu,\u00a0 10 en Realic\u00f3, 3 en Winifreda, 3 en Santa Teresa, 3 en General Acha, 2 en Ingeniero Luiggi, 4 en Conhello, 4 en Caleuf\u00fa, 3 en Victorica, 2 en La Maruja, 2 en Catril\u00f3, 1 en Tril\u00ed, 1 en Anguil, 1 en Bernasconi, 1 en Algarrobo del \u00c1guila,\u00a0 1 en Lonquimay, 1 en Ataliva Roca, 1 en Speluzzi y 1 en General Campos.<\/p>\n<p>Al d\u00eda de la fecha se encuentran aisladas un total de 11.555 personas en toda la provincia.<\/p>\n<p><strong>Rango etario de los pacientes internados:<\/strong><br \/>\nSe encuentran internados 50 pacientes confirmados para COVID-19. En General Pico 17 pacientes, 15 de ellos en modulares y 2 en sala de terapia intensiva. En Santa Rosa 33 pacientes, 15 de ellos en cl\u00ednica m\u00e9dica, 10 en sala de terapia intensiva y 8 en modulares. La edad promedio de los pacientes internados en terapia intensiva es de 51,7 a\u00f1os (entre 34 y 69).<\/p>\n<div class=\"oasis-despues-del-contenido\" id=\"oasis-2003908931\"><img loading=\"lazy\" decoding=\"async\" src=\"https:\/\/oasisfm935.com.ar\/site\/wp-content\/uploads\/2020\/08\/47806202-8741-49f2-a5c9-d2f930e5baa1.jpg\" alt=\"\"  srcset=\"https:\/\/oasisfm935.com.ar\/site\/wp-content\/uploads\/2020\/08\/47806202-8741-49f2-a5c9-d2f930e5baa1.jpg 1080w, https:\/\/oasisfm935.com.ar\/site\/wp-content\/uploads\/2020\/08\/47806202-8741-49f2-a5c9-d2f930e5baa1-300x300.jpg 300w, https:\/\/oasisfm935.com.ar\/site\/wp-content\/uploads\/2020\/08\/47806202-8741-49f2-a5c9-d2f930e5baa1-1024x1024.jpg 1024w, https:\/\/oasisfm935.com.ar\/site\/wp-content\/uploads\/2020\/08\/47806202-8741-49f2-a5c9-d2f930e5baa1-150x150.jpg 150w, https:\/\/oasisfm935.com.ar\/site\/wp-content\/uploads\/2020\/08\/47806202-8741-49f2-a5c9-d2f930e5baa1-768x768.jpg 768w\" sizes=\"(max-width: 1080px) 100vw, 1080px\" class=\"no-lazyload\" width=\"1080\" height=\"1080\"  style=\"display: inline-block;\" \/><\/div>","protected":false},"excerpt":{"rendered":"<p>De ellos, 68 eran contactos estrechos y 31 contin\u00faan en etapa de investigaci\u00f3n epidemiol\u00f3gica. Al momento del presente reporte, en La Pampa,<\/p>\n","protected":false},"author":4,"featured_media":7691,"comment_status":"closed","ping_status":"open","sticky":false,"template":"","format":"standard","meta":{"colormag_page_layout":"default_layout","footnotes":""},"categories":[2],"tags":[],"class_list":["post-7690","post","type-post","status-publish","format-standard","has-post-thumbnail","hentry","category-noticias"],"_links":{"self":[{"href":"https:\/\/oasisfm935.com.ar\/site\/wp-json\/wp\/v2\/posts\/7690","targetHints":{"allow":["GET"]}}],"collection":[{"href":"https:\/\/oasisfm935.com.ar\/site\/wp-json\/wp\/v2\/posts"}],"about":[{"href":"https:\/\/oasisfm935.com.ar\/site\/wp-json\/wp\/v2\/types\/post"}],"author":[{"embeddable":true,"href":"https:\/\/oasisfm935.com.ar\/site\/wp-json\/wp\/v2\/users\/4"}],"replies":[{"embeddable":true,"href":"https:\/\/oasisfm935.com.ar\/site\/wp-json\/wp\/v2\/comments?post=7690"}],"version-history":[{"count":1,"href":"https:\/\/oasisfm935.com.ar\/site\/wp-json\/wp\/v2\/posts\/7690\/revisions"}],"predecessor-version":[{"id":7692,"href":"https:\/\/oasisfm935.com.ar\/site\/wp-json\/wp\/v2\/posts\/7690\/revisions\/7692"}],"wp:featuredmedia":[{"embeddable":true,"href":"https:\/\/oasisfm935.com.ar\/site\/wp-json\/wp\/v2\/media\/7691"}],"wp:attachment":[{"href":"https:\/\/oasisfm935.com.ar\/site\/wp-json\/wp\/v2\/media?parent=7690"}],"wp:term":[{"taxonomy":"category","embeddable":true,"href":"https:\/\/oasisfm935.com.ar\/site\/wp-json\/wp\/v2\/categories?post=7690"},{"taxonomy":"post_tag","embeddable":true,"href":"https:\/\/oasisfm935.com.ar\/site\/wp-json\/wp\/v2\/tags?post=7690"}],"curies":[{"name":"wp","href":"https:\/\/api.w.org\/{rel}","templated":true}]}}