{"id":7705,"date":"2020-10-26T20:34:39","date_gmt":"2020-10-26T23:34:39","guid":{"rendered":"http:\/\/oasisfm935.com\/site\/?p=7705"},"modified":"2020-10-26T20:34:39","modified_gmt":"2020-10-26T23:34:39","slug":"se-sumaron-88-casos-de-covid-19-entre-ellos-1-en-ingeniero-luiggi-2-en-la-maruja","status":"publish","type":"post","link":"https:\/\/oasisfm935.com.ar\/site\/se-sumaron-88-casos-de-covid-19-entre-ellos-1-en-ingeniero-luiggi-2-en-la-maruja\/","title":{"rendered":"Se sumaron 88 casos de Covid-19:  entre ellos 1 en Ingeniero Luiggi, 2 en la Maruja."},"content":{"rendered":"<p>De ellos, 67 eran contactos estrechos y 21 contin\u00faan en etapa de investigaci\u00f3n. Hasta el presente reporte, en La Pampa, se encuentran aisladas 11.493 personas.<\/p>\n<p>El Gobierno de la provincia de La Pampa, a trav\u00e9s del Ministerio de Salud, comunic\u00f3 que en horas de la tarde del d\u00eda 26 de octubre se finaliz\u00f3 con el procesamiento de 281 muestras en los laboratorios de la Direcci\u00f3n de Epidemiolog\u00eda y del Establecimiento Asistencial Gobernador Centeno y Lucio Molas, de las cuales 88 resultaron positivas para COVID-19.<\/p>\n<p>De ellos 46 residen en la ciudad de Santa Rosa, 16 en General Pico, 10 en Toay, 3 en General Campos, 3 en Macach\u00edn, 2 en Realic\u00f3, 2 en La Maruja, 2 en Eduardo Castex, 2 en La Adela, 1 en Trenel y 1 en Ingeniero Luiggi.\u00a0 De los 88 casos confirmados en la tarde de hoy, 67 se encontraban aislados por ser considerados contactos estrechos, mientras que 21 casos contin\u00faan en investigaci\u00f3n epidemiol\u00f3gica.<\/p>\n<p><strong>Situaci\u00f3n provincial:\u00a0<\/strong><br \/>\nDesde el inicio de la pandemia, en la provincia, se registraron un total de 2.504 casos positivos para COVID-19, de los cuales 1.021 permanecen activos, 27 han fallecido y 1.456 se han recuperado, entre estos \u00faltimos se encuentran, 73 personas de Santa Rosa, 34 de General Pico, 10 de Toay, 9 de Trenel, 6 de 25 de Mayo, 2 de La Adela, 2 de Quem\u00fa Quem\u00fa y 2 de Guatrach\u00e9.<\/p>\n<p>Los casos confirmados activos est\u00e1n distribuidos de la siguiente manera: 541 en la ciudad de Santa Rosa, 272 en General Pico, 41 en Toay, 15 en Trenel, 26 en 25 de Mayo, 18 en Macach\u00edn, 7 en Quem\u00fa Quem\u00fa, 16 en Eduardo Castex, 3 en Guatrach\u00e9,\u00a0 4 en Intendente Alvear,\u00a0 8 en La Adela, 6 en Uriburu,\u00a0 17 en Realic\u00f3, 3 en Winifreda, 3 en Santa Teresa, 3 en General Acha, 3 en Ingeniero Luiggi, 4 en Conhello, 4 en General Campos, 4 en Caleuf\u00fa, 6 en Victorica, 5 en La Maruja, 2 en Catril\u00f3, 1 en Tril\u00ed, 2 en Anguil, 1 en Bernasconi, 1 en Algarrobo del \u00c1guila,\u00a0 1 en Lonquimay, 1 en Ataliva Roca, 1 en Speluzzi, 1 en Doblas y 1 en Colonia Bar\u00f3n.<br \/>\nAl d\u00eda de la fecha se encuentran aisladas un total de 11.493 personas en toda la provincia.<\/p>\n<p><strong>Rango etario de los pacientes internados:<\/strong><br \/>\nSe encuentran internados 58 pacientes confirmados para COVID-19. En General Pico 15 personas pacientes, 11 de ellos en modulares y 4 en terapia intensiva. En Santa Rosa se encuentran internados 43 pacientes, 16 de ellos en cl\u00ednica m\u00e9dica, 13 en sala de terapia intensiva y 14 en modulares. La edad promedio de los pacientes internados en sala de terapia intensiva es de 51,7 a\u00f1os (entre 34 y 69).<\/p>\n<p><img decoding=\"async\" src=\"https:\/\/apn.lapampa.gob.ar\/images\/banners\/5f975aa0264d8.jpg\" \/><\/p>\n<div class=\"oasis-despues-del-contenido\" id=\"oasis-2355968859\"><img loading=\"lazy\" decoding=\"async\" src=\"https:\/\/oasisfm935.com.ar\/site\/wp-content\/uploads\/2020\/08\/47806202-8741-49f2-a5c9-d2f930e5baa1.jpg\" alt=\"\"  srcset=\"https:\/\/oasisfm935.com.ar\/site\/wp-content\/uploads\/2020\/08\/47806202-8741-49f2-a5c9-d2f930e5baa1.jpg 1080w, https:\/\/oasisfm935.com.ar\/site\/wp-content\/uploads\/2020\/08\/47806202-8741-49f2-a5c9-d2f930e5baa1-300x300.jpg 300w, https:\/\/oasisfm935.com.ar\/site\/wp-content\/uploads\/2020\/08\/47806202-8741-49f2-a5c9-d2f930e5baa1-1024x1024.jpg 1024w, https:\/\/oasisfm935.com.ar\/site\/wp-content\/uploads\/2020\/08\/47806202-8741-49f2-a5c9-d2f930e5baa1-150x150.jpg 150w, https:\/\/oasisfm935.com.ar\/site\/wp-content\/uploads\/2020\/08\/47806202-8741-49f2-a5c9-d2f930e5baa1-768x768.jpg 768w\" sizes=\"(max-width: 1080px) 100vw, 1080px\" class=\"no-lazyload\" width=\"1080\" height=\"1080\"  style=\"display: inline-block;\" \/><\/div>","protected":false},"excerpt":{"rendered":"<p>De ellos, 67 eran contactos estrechos y 21 contin\u00faan en etapa de investigaci\u00f3n. Hasta el presente reporte, en La Pampa, se encuentran<\/p>\n","protected":false},"author":4,"featured_media":7706,"comment_status":"closed","ping_status":"open","sticky":false,"template":"","format":"standard","meta":{"colormag_page_layout":"default_layout","footnotes":""},"categories":[2],"tags":[],"class_list":["post-7705","post","type-post","status-publish","format-standard","has-post-thumbnail","hentry","category-noticias"],"_links":{"self":[{"href":"https:\/\/oasisfm935.com.ar\/site\/wp-json\/wp\/v2\/posts\/7705","targetHints":{"allow":["GET"]}}],"collection":[{"href":"https:\/\/oasisfm935.com.ar\/site\/wp-json\/wp\/v2\/posts"}],"about":[{"href":"https:\/\/oasisfm935.com.ar\/site\/wp-json\/wp\/v2\/types\/post"}],"author":[{"embeddable":true,"href":"https:\/\/oasisfm935.com.ar\/site\/wp-json\/wp\/v2\/users\/4"}],"replies":[{"embeddable":true,"href":"https:\/\/oasisfm935.com.ar\/site\/wp-json\/wp\/v2\/comments?post=7705"}],"version-history":[{"count":1,"href":"https:\/\/oasisfm935.com.ar\/site\/wp-json\/wp\/v2\/posts\/7705\/revisions"}],"predecessor-version":[{"id":7707,"href":"https:\/\/oasisfm935.com.ar\/site\/wp-json\/wp\/v2\/posts\/7705\/revisions\/7707"}],"wp:featuredmedia":[{"embeddable":true,"href":"https:\/\/oasisfm935.com.ar\/site\/wp-json\/wp\/v2\/media\/7706"}],"wp:attachment":[{"href":"https:\/\/oasisfm935.com.ar\/site\/wp-json\/wp\/v2\/media?parent=7705"}],"wp:term":[{"taxonomy":"category","embeddable":true,"href":"https:\/\/oasisfm935.com.ar\/site\/wp-json\/wp\/v2\/categories?post=7705"},{"taxonomy":"post_tag","embeddable":true,"href":"https:\/\/oasisfm935.com.ar\/site\/wp-json\/wp\/v2\/tags?post=7705"}],"curies":[{"name":"wp","href":"https:\/\/api.w.org\/{rel}","templated":true}]}}