{"id":7709,"date":"2020-10-26T23:12:48","date_gmt":"2020-10-27T02:12:48","guid":{"rendered":"http:\/\/oasisfm935.com\/site\/?p=7709"},"modified":"2020-10-27T09:33:59","modified_gmt":"2020-10-27T12:33:59","slug":"covid-19-la-pampa-confirman-la-muerte-de-una-persona-de-45-anos","status":"publish","type":"post","link":"https:\/\/oasisfm935.com.ar\/site\/covid-19-la-pampa-confirman-la-muerte-de-una-persona-de-45-anos\/","title":{"rendered":"COVID-19 La Pampa: confirman la muerte de una persona de 45 a\u00f1os."},"content":{"rendered":"<section id=\"g-navigation\" class=\"sticky\">\n<div class=\"g-container\">\n<div class=\"g-grid\">\n<div class=\"g-block size-26 nopaddingall nomarginall\"><\/div>\n<\/div>\n<\/div>\n<\/section>\n<section id=\"g-container-main\" class=\"g-wrapper\">\n<div class=\"g-container\">\n<div class=\"g-grid\">\n<div class=\"g-block size-67\">\n<div class=\"g-grid\">\n<div class=\"g-block size-100 pre-content\">\n<div class=\"g-content\">\n<div class=\"platform-content row-fluid\">\n<div class=\"span12\">\n<div class=\"item-page\">\n<div class=\"col-12 d-inline\">\n<div class=\"pull-left item-image\"><\/div>\n<\/div>\n<div>\n<p>El fallecimiento se produjo este lunes por la noche. Era oriunda de Santa Rosa.\u00a0<strong>Ahora son 28 las v\u00edctimas por la pandemina del coronavirus en la provincia<\/strong>.<\/p>\n<p>El Gobierno Provincial, a trav\u00e9s del Ministerio de Salud, dio a conocer este lunes por la noche el fallecimiento de una mujer que estaba internada en la ciudad de Santa Rosa.<\/p>\n<p>\u00abSe trata de una paciente de 45 a\u00f1os, que curs\u00f3 5 d\u00edas de internaci\u00f3n en el Centro Emergente de Asistencia Respiratoria (CEAR), de la ciudad de Santa Rosa, de donde era oriunda. La mujer se hallaba internada por presentar patolog\u00eda respiratoria COVID-19 positivo\u00bb, confirm\u00f3 un comunicado de prensa oficial.<\/p>\n<p>Ahora son 28 las v\u00edctimas en La Pampa desde que se desat\u00f3 la pandemia del coronavirus. El fallecimiento de la mujer, que trabajaba en la Direcci\u00f3n de Tr\u00e1nsito de la Municipalidad de Santa Rosa, gener\u00f3 preocupaci\u00f3n en las autoridades y en el personal de Salud P\u00fablica.<\/p>\n<\/div>\n<\/div>\n<\/div>\n<\/div>\n<\/div>\n<\/div>\n<\/div>\n<\/div>\n<\/div>\n<\/div>\n<\/section>\n<div class=\"oasis-despues-del-contenido\" id=\"oasis-674576241\"><img loading=\"lazy\" decoding=\"async\" src=\"https:\/\/oasisfm935.com.ar\/site\/wp-content\/uploads\/2020\/08\/47806202-8741-49f2-a5c9-d2f930e5baa1.jpg\" alt=\"\"  srcset=\"https:\/\/oasisfm935.com.ar\/site\/wp-content\/uploads\/2020\/08\/47806202-8741-49f2-a5c9-d2f930e5baa1.jpg 1080w, https:\/\/oasisfm935.com.ar\/site\/wp-content\/uploads\/2020\/08\/47806202-8741-49f2-a5c9-d2f930e5baa1-300x300.jpg 300w, https:\/\/oasisfm935.com.ar\/site\/wp-content\/uploads\/2020\/08\/47806202-8741-49f2-a5c9-d2f930e5baa1-1024x1024.jpg 1024w, https:\/\/oasisfm935.com.ar\/site\/wp-content\/uploads\/2020\/08\/47806202-8741-49f2-a5c9-d2f930e5baa1-150x150.jpg 150w, https:\/\/oasisfm935.com.ar\/site\/wp-content\/uploads\/2020\/08\/47806202-8741-49f2-a5c9-d2f930e5baa1-768x768.jpg 768w\" sizes=\"(max-width: 1080px) 100vw, 1080px\" class=\"no-lazyload\" width=\"1080\" height=\"1080\"  style=\"display: inline-block;\" \/><\/div>","protected":false},"excerpt":{"rendered":"<p>El fallecimiento se produjo este lunes por la noche. Era oriunda de Santa Rosa.\u00a0Ahora son 28 las v\u00edctimas por la pandemina del<\/p>\n","protected":false},"author":4,"featured_media":7710,"comment_status":"closed","ping_status":"open","sticky":false,"template":"","format":"standard","meta":{"colormag_page_layout":"default_layout","footnotes":""},"categories":[2],"tags":[],"class_list":["post-7709","post","type-post","status-publish","format-standard","has-post-thumbnail","hentry","category-noticias"],"_links":{"self":[{"href":"https:\/\/oasisfm935.com.ar\/site\/wp-json\/wp\/v2\/posts\/7709","targetHints":{"allow":["GET"]}}],"collection":[{"href":"https:\/\/oasisfm935.com.ar\/site\/wp-json\/wp\/v2\/posts"}],"about":[{"href":"https:\/\/oasisfm935.com.ar\/site\/wp-json\/wp\/v2\/types\/post"}],"author":[{"embeddable":true,"href":"https:\/\/oasisfm935.com.ar\/site\/wp-json\/wp\/v2\/users\/4"}],"replies":[{"embeddable":true,"href":"https:\/\/oasisfm935.com.ar\/site\/wp-json\/wp\/v2\/comments?post=7709"}],"version-history":[{"count":2,"href":"https:\/\/oasisfm935.com.ar\/site\/wp-json\/wp\/v2\/posts\/7709\/revisions"}],"predecessor-version":[{"id":7713,"href":"https:\/\/oasisfm935.com.ar\/site\/wp-json\/wp\/v2\/posts\/7709\/revisions\/7713"}],"wp:featuredmedia":[{"embeddable":true,"href":"https:\/\/oasisfm935.com.ar\/site\/wp-json\/wp\/v2\/media\/7710"}],"wp:attachment":[{"href":"https:\/\/oasisfm935.com.ar\/site\/wp-json\/wp\/v2\/media?parent=7709"}],"wp:term":[{"taxonomy":"category","embeddable":true,"href":"https:\/\/oasisfm935.com.ar\/site\/wp-json\/wp\/v2\/categories?post=7709"},{"taxonomy":"post_tag","embeddable":true,"href":"https:\/\/oasisfm935.com.ar\/site\/wp-json\/wp\/v2\/tags?post=7709"}],"curies":[{"name":"wp","href":"https:\/\/api.w.org\/{rel}","templated":true}]}}