{"id":772,"date":"2019-02-17T20:59:15","date_gmt":"2019-02-17T23:59:15","guid":{"rendered":"http:\/\/oasisfm935.com\/site\/?p=772"},"modified":"2019-02-17T20:59:15","modified_gmt":"2019-02-17T23:59:15","slug":"luiggi-soledad-mir-se-impuso-como-la-candidata-a-intendenta-del-frente-cambiemos","status":"publish","type":"post","link":"https:\/\/oasisfm935.com.ar\/site\/luiggi-soledad-mir-se-impuso-como-la-candidata-a-intendenta-del-frente-cambiemos\/","title":{"rendered":"Luiggi: Soledad Mir se impuso como la candidata a intendenta del Frente Cambiemos"},"content":{"rendered":"<p>&nbsp;<\/p>\n<div class=\"itemImageBlock\"><span class=\"itemImage\"><a title=\"Clic para vista previa de la imagen\" href=\"https:\/\/www.zonalnoticias.com\/media\/k2\/items\/cache\/91ff4432a5e1e6aa70d41ec9256abd62_XL.jpg\"><img loading=\"lazy\" decoding=\"async\" src=\"https:\/\/www.zonalnoticias.com\/media\/k2\/items\/cache\/91ff4432a5e1e6aa70d41ec9256abd62_L.jpg\" alt=\"Luiggi: Soledad Mir se impuso como la candidata a intendenta del Frente Cambiemos\" width=\"845\" height=\"449\" \/><\/a><\/span><\/p>\n<div class=\"clr\"><\/div>\n<\/div>\n<div class=\"itemIntroText\">\n<p><strong>\u00a0En Ingeniero Luiggi la precandidata a la intendencia por la UCR Soledad Mir se impuso en las elecciones internas de este domingo frente al precandidato del PRO Daniel Gil.<\/strong><\/p>\n<\/div>\n<div class=\"itemFullText\">\n<blockquote><p>El resultado final fue 475 votos para Mir frente a 341 de Daniel Gil, es decir una diferencia de 134 sufragios en favor de la precandidata de la UCR.<\/p>\n<p><strong>Con este resultado en la interna del Frente Cambiemos, la concejal Soledad Mir es la candidata del Frente Cambiemos que competir\u00e1 en mayo por la intendencia ante la candidata del PJ Patricia Lavin.<br \/>\n<\/strong><\/p>\n<p><strong>En Ingeniero Luiggi de un padr\u00f3n de \u00a03.434 independientes y 250 afiliados (Cambiemos), vot\u00f3 el 23,6 por ciento de los habilitados para sufragar.<\/strong><\/p><\/blockquote>\n<p><strong>En esta localidad tambi\u00e9n fue triunfo del precandidato radical Daniel Kroneberger, como ocurri\u00f3 en la mayor\u00eda de los pueblos de la zona.<br \/>\n<\/strong><\/p>\n<p><strong>\u00a0 \u00a0 \u00a0 \u00a0 \u00a0 \u00a0 \u00a0 \u00a0 \u00a0 \u00a0 Fuente: Zonal Noticias\u00a0 \u00a0 \u00a0 \u00a0 \u00a0 \u00a0 \u00a0 \u00a0 \u00a0 \u00a0 \u00a0 \u00a0 \u00a0 \u00a0 \u00a0 \u00a0 \u00a0 \u00a0 \u00a0 \u00a0 \u00a0 \u00a0 \u00a0 \u00a0 \u00a0 \u00a0 \u00a0 \u00a0 \u00a0 \u00a0 \u00a0 \u00a0 \u00a0 \u00a0 \u00a0 \u00a0 \u00a0 \u00a0 \u00a0 \u00a0 \u00a0 \u00a0 \u00a0 \u00a0 \u00a0 \u00a0 \u00a0 \u00a0 \u00a0 \u00a0 \u00a0 \u00a0 \u00a0 \u00a0 \u00a0 \u00a0 \u00a0 \u00a0 \u00a0 \u00a0 \u00a0 \u00a0 \u00a0 \u00a0 \u00a0<\/strong><\/p>\n<\/div>\n<div class=\"oasis-despues-del-contenido\" id=\"oasis-3106915618\"><img loading=\"lazy\" decoding=\"async\" src=\"https:\/\/oasisfm935.com.ar\/site\/wp-content\/uploads\/2020\/08\/47806202-8741-49f2-a5c9-d2f930e5baa1.jpg\" alt=\"\"  srcset=\"https:\/\/oasisfm935.com.ar\/site\/wp-content\/uploads\/2020\/08\/47806202-8741-49f2-a5c9-d2f930e5baa1.jpg 1080w, https:\/\/oasisfm935.com.ar\/site\/wp-content\/uploads\/2020\/08\/47806202-8741-49f2-a5c9-d2f930e5baa1-300x300.jpg 300w, https:\/\/oasisfm935.com.ar\/site\/wp-content\/uploads\/2020\/08\/47806202-8741-49f2-a5c9-d2f930e5baa1-1024x1024.jpg 1024w, https:\/\/oasisfm935.com.ar\/site\/wp-content\/uploads\/2020\/08\/47806202-8741-49f2-a5c9-d2f930e5baa1-150x150.jpg 150w, https:\/\/oasisfm935.com.ar\/site\/wp-content\/uploads\/2020\/08\/47806202-8741-49f2-a5c9-d2f930e5baa1-768x768.jpg 768w\" sizes=\"(max-width: 1080px) 100vw, 1080px\" class=\"no-lazyload\" width=\"1080\" height=\"1080\"  style=\"display: inline-block;\" \/><\/div>","protected":false},"excerpt":{"rendered":"<p>&nbsp; \u00a0En Ingeniero Luiggi la precandidata a la intendencia por la UCR Soledad Mir se impuso en las elecciones internas de este<\/p>\n","protected":false},"author":4,"featured_media":773,"comment_status":"closed","ping_status":"open","sticky":false,"template":"","format":"standard","meta":{"colormag_page_layout":"default_layout","footnotes":""},"categories":[2],"tags":[],"class_list":["post-772","post","type-post","status-publish","format-standard","has-post-thumbnail","hentry","category-noticias"],"_links":{"self":[{"href":"https:\/\/oasisfm935.com.ar\/site\/wp-json\/wp\/v2\/posts\/772","targetHints":{"allow":["GET"]}}],"collection":[{"href":"https:\/\/oasisfm935.com.ar\/site\/wp-json\/wp\/v2\/posts"}],"about":[{"href":"https:\/\/oasisfm935.com.ar\/site\/wp-json\/wp\/v2\/types\/post"}],"author":[{"embeddable":true,"href":"https:\/\/oasisfm935.com.ar\/site\/wp-json\/wp\/v2\/users\/4"}],"replies":[{"embeddable":true,"href":"https:\/\/oasisfm935.com.ar\/site\/wp-json\/wp\/v2\/comments?post=772"}],"version-history":[{"count":1,"href":"https:\/\/oasisfm935.com.ar\/site\/wp-json\/wp\/v2\/posts\/772\/revisions"}],"predecessor-version":[{"id":774,"href":"https:\/\/oasisfm935.com.ar\/site\/wp-json\/wp\/v2\/posts\/772\/revisions\/774"}],"wp:featuredmedia":[{"embeddable":true,"href":"https:\/\/oasisfm935.com.ar\/site\/wp-json\/wp\/v2\/media\/773"}],"wp:attachment":[{"href":"https:\/\/oasisfm935.com.ar\/site\/wp-json\/wp\/v2\/media?parent=772"}],"wp:term":[{"taxonomy":"category","embeddable":true,"href":"https:\/\/oasisfm935.com.ar\/site\/wp-json\/wp\/v2\/categories?post=772"},{"taxonomy":"post_tag","embeddable":true,"href":"https:\/\/oasisfm935.com.ar\/site\/wp-json\/wp\/v2\/tags?post=772"}],"curies":[{"name":"wp","href":"https:\/\/api.w.org\/{rel}","templated":true}]}}