{"id":7720,"date":"2020-10-27T19:42:04","date_gmt":"2020-10-27T22:42:04","guid":{"rendered":"http:\/\/oasisfm935.com\/site\/?p=7720"},"modified":"2020-10-27T19:42:04","modified_gmt":"2020-10-27T22:42:04","slug":"la-pampa-este-martes-murieron-2-mujeres-que-tenian-covid-19","status":"publish","type":"post","link":"https:\/\/oasisfm935.com.ar\/site\/la-pampa-este-martes-murieron-2-mujeres-que-tenian-covid-19\/","title":{"rendered":"La Pampa: Este martes murieron 2 mujeres que ten\u00edan COVID-19."},"content":{"rendered":"<p class=\"lead nota-detalle-bajada\">El Gobierno de la provincia de La Pampa, a trav\u00e9s del Ministerio de Salud, lamenta informar que en el d\u00eda de la fecha se produjo el fallecimiento de una mujer internada en el CEAR de la ciudad de Santa Rosa.<\/p>\n<div class=\"nota-detalle-cuerpo\">\n<p>La comprovinciana ten\u00eda 76 a\u00f1os y permaneci\u00f3 internada 4 d\u00edas en el Centro Emergente de Asistencia Respiratoria (CEAR) de la ciudad capital, de donde era oriunda. La paciente present\u00f3 patolog\u00eda respiratoria COVID-19 positivo.<\/p>\n<div class=\"nota-detalle-cuerpo\">\n<p>La comprovinciana estaba internada en una instituci\u00f3n privada de la ciudad de Santa Rosa, de donde era oriunda, y en el d\u00eda de hoy se confirm\u00f3 el resultado positivo para COVID-19.<\/p>\n<\/div>\n<footer>\n<div class=\"row\">\n<div class=\"col-md-12 col-xs-12\"><\/div>\n<\/div>\n<\/footer>\n<\/div>\n<div class=\"oasis-despues-del-contenido\" id=\"oasis-754110896\"><img loading=\"lazy\" decoding=\"async\" src=\"https:\/\/oasisfm935.com.ar\/site\/wp-content\/uploads\/2020\/08\/47806202-8741-49f2-a5c9-d2f930e5baa1.jpg\" alt=\"\"  srcset=\"https:\/\/oasisfm935.com.ar\/site\/wp-content\/uploads\/2020\/08\/47806202-8741-49f2-a5c9-d2f930e5baa1.jpg 1080w, https:\/\/oasisfm935.com.ar\/site\/wp-content\/uploads\/2020\/08\/47806202-8741-49f2-a5c9-d2f930e5baa1-300x300.jpg 300w, https:\/\/oasisfm935.com.ar\/site\/wp-content\/uploads\/2020\/08\/47806202-8741-49f2-a5c9-d2f930e5baa1-1024x1024.jpg 1024w, https:\/\/oasisfm935.com.ar\/site\/wp-content\/uploads\/2020\/08\/47806202-8741-49f2-a5c9-d2f930e5baa1-150x150.jpg 150w, https:\/\/oasisfm935.com.ar\/site\/wp-content\/uploads\/2020\/08\/47806202-8741-49f2-a5c9-d2f930e5baa1-768x768.jpg 768w\" sizes=\"(max-width: 1080px) 100vw, 1080px\" class=\"no-lazyload\" width=\"1080\" height=\"1080\"  style=\"display: inline-block;\" \/><\/div>","protected":false},"excerpt":{"rendered":"<p>El Gobierno de la provincia de La Pampa, a trav\u00e9s del Ministerio de Salud, lamenta informar que en el d\u00eda de la<\/p>\n","protected":false},"author":4,"featured_media":7721,"comment_status":"closed","ping_status":"open","sticky":false,"template":"","format":"standard","meta":{"colormag_page_layout":"default_layout","footnotes":""},"categories":[2],"tags":[],"class_list":["post-7720","post","type-post","status-publish","format-standard","has-post-thumbnail","hentry","category-noticias"],"_links":{"self":[{"href":"https:\/\/oasisfm935.com.ar\/site\/wp-json\/wp\/v2\/posts\/7720","targetHints":{"allow":["GET"]}}],"collection":[{"href":"https:\/\/oasisfm935.com.ar\/site\/wp-json\/wp\/v2\/posts"}],"about":[{"href":"https:\/\/oasisfm935.com.ar\/site\/wp-json\/wp\/v2\/types\/post"}],"author":[{"embeddable":true,"href":"https:\/\/oasisfm935.com.ar\/site\/wp-json\/wp\/v2\/users\/4"}],"replies":[{"embeddable":true,"href":"https:\/\/oasisfm935.com.ar\/site\/wp-json\/wp\/v2\/comments?post=7720"}],"version-history":[{"count":1,"href":"https:\/\/oasisfm935.com.ar\/site\/wp-json\/wp\/v2\/posts\/7720\/revisions"}],"predecessor-version":[{"id":7722,"href":"https:\/\/oasisfm935.com.ar\/site\/wp-json\/wp\/v2\/posts\/7720\/revisions\/7722"}],"wp:featuredmedia":[{"embeddable":true,"href":"https:\/\/oasisfm935.com.ar\/site\/wp-json\/wp\/v2\/media\/7721"}],"wp:attachment":[{"href":"https:\/\/oasisfm935.com.ar\/site\/wp-json\/wp\/v2\/media?parent=7720"}],"wp:term":[{"taxonomy":"category","embeddable":true,"href":"https:\/\/oasisfm935.com.ar\/site\/wp-json\/wp\/v2\/categories?post=7720"},{"taxonomy":"post_tag","embeddable":true,"href":"https:\/\/oasisfm935.com.ar\/site\/wp-json\/wp\/v2\/tags?post=7720"}],"curies":[{"name":"wp","href":"https:\/\/api.w.org\/{rel}","templated":true}]}}