{"id":775,"date":"2019-02-17T21:11:39","date_gmt":"2019-02-18T00:11:39","guid":{"rendered":"http:\/\/oasisfm935.com\/site\/?p=775"},"modified":"2019-02-17T21:11:39","modified_gmt":"2019-02-18T00:11:39","slug":"derrota-contundente-del-macrismo-en-el-primer-test-electoral-del-ano","status":"publish","type":"post","link":"https:\/\/oasisfm935.com.ar\/site\/derrota-contundente-del-macrismo-en-el-primer-test-electoral-del-ano\/","title":{"rendered":"Derrota contundente del macrismo en el primer test electoral del a\u00f1o"},"content":{"rendered":"<p>El macrismo tuvo una\u00a0<strong>p\u00e9sima elecci\u00f3n<\/strong>\u00a0en el primer test electoral del a\u00f1o: Javier \u201cColo\u201d Mac Allister cay\u00f3 ante el radical Daniel Kroneberger y gan\u00f3 el kirchnerismo en Santa Rosa.<\/p>\n<p>Casa Rosada estaba expectante ante\u00a0<strong>el primer round electoral del pa\u00eds<\/strong>. La Pampa finalmente\u00a0<strong>le dio la espalda a Mac Allister y al macrismo<\/strong>.<\/p>\n<p><strong>Fue el escenario ideal para Cristina Fern\u00e1ndez en el primer test electoral<\/strong>\u00a0del a\u00f1o:\u00a0<strong>gan\u00f3 el kirchnerismo en Santa Rosa y perdi\u00f3 el macrismo en la interna de Cambiemos<\/strong>.<\/p>\n<header id=\"header\" class=\"header-header-5 has-bottom-line\">\n<div id=\"navigation-sticky-wrapper\" class=\"sticky-wrapper is-sticky\">\n<nav id=\"navigation\" class=\"header-layout-bottom menu-style-1 header-5\">\n<div class=\"container\">\n<div id=\"top-search\"><\/div>\n<\/div>\n<\/nav>\n<\/div>\n<\/header>\n<div class=\"container container-single penci_sidebar right-sidebar penci-enable-lightbox\">\n<div id=\"main\">\n<div class=\"theiaStickySidebar\">\n<article id=\"post-38646\" class=\"post-38646 post type-post status-publish format-standard has-post-thumbnail hentry category-portada-2 category-politica tag-di-napoli tag-macrismo\">\n<div class=\"header-standard header-classic single-header\">\n<h1 class=\"post-title single-post-title\">Derrota contundente del macrismo en el primer test electoral del a\u00f1o<\/h1>\n<div class=\"post-box-meta-single\">17 febrero, 2019<\/div>\n<\/div>\n<div class=\"post-image\"><a href=\"http:\/\/diariotextual.com\/inicio\/wp-content\/uploads\/2019\/02\/macallistermacrigris11.jpg\" data-rel=\"penci-gallery-image-content\"><img decoding=\"async\" class=\"attachment-penci-full-thumb size-penci-full-thumb penci-lazy wp-post-image\" src=\"http:\/\/diariotextual.com\/inicio\/wp-content\/uploads\/2019\/02\/macallistermacrigris11.jpg\" alt=\"Derrota contundente del macrismo en el primer test electoral del a\u00f1o\" \/><\/a><\/div>\n<div class=\"post-entry blockquote-style-1\">\n<div class=\"inner-post-entry\">\n<div id=\"ssba-modern-2\" class=\"ssba ssbp-wrap left ssbp--theme-10\">\n<div>\n<ul class=\"ssbp-list\">\n<li class=\"ssbp-li--whatsapp\"><\/li>\n<li class=\"ssbp-li--facebook\"><\/li>\n<li class=\"ssbp-li--twitter\"><\/li>\n<li class=\"ssbp-li--google\"><\/li>\n<li class=\"ssbp-li--linkedin\"><\/li>\n<\/ul>\n<\/div>\n<\/div>\n<p>El macrismo tuvo una\u00a0<strong>p\u00e9sima elecci\u00f3n<\/strong>\u00a0en el primer test electoral del a\u00f1o: Javier \u201cColo\u201d Mac Allister cay\u00f3 ante el radical Daniel Kroneberger y gan\u00f3 el kirchnerismo en Santa Rosa.<\/p>\n<p>Casa Rosada estaba expectante ante\u00a0<strong>el primer round electoral del pa\u00eds<\/strong>. La Pampa finalmente\u00a0<strong>le dio la espalda a Mac Allister y al macrismo<\/strong>.<\/p>\n<p><strong>Fue el escenario ideal para Cristina Fern\u00e1ndez en el primer test electoral<\/strong>\u00a0del a\u00f1o:\u00a0<strong>gan\u00f3 el kirchnerismo en Santa Rosa y perdi\u00f3 el macrismo en la interna de Cambiemos<\/strong>.<\/p>\n<p><strong>Marcos Pe\u00f1a<\/strong>, jefe de Gabinete y armador de la campa\u00f1a de Cambiemos, hab\u00eda presionado al radicalismo para que se encolumnara detr\u00e1s del \u201cColo\u201d.<\/p>\n<p><strong>Pero la UCR decidi\u00f3 llevar postulante propios y,\u00a0luego de una serie de idas y venidas, decidi\u00f3 por el que menos \u201cmed\u00eda\u201d en las encuestas.<\/strong><\/p>\n<\/div>\n<header id=\"header\" class=\"header-header-5 has-bottom-line\">\n<div id=\"navigation-sticky-wrapper\" class=\"sticky-wrapper is-sticky\">\n<nav id=\"navigation\" class=\"header-layout-bottom menu-style-1 header-5\">\n<div class=\"container\">\n<div id=\"top-search\"><\/div>\n<\/div>\n<\/nav>\n<\/div>\n<\/header>\n<div class=\"container container-single penci_sidebar right-sidebar penci-enable-lightbox\">\n<div id=\"main\">\n<div class=\"theiaStickySidebar\">\n<article id=\"post-38646\" class=\"post-38646 post type-post status-publish format-standard has-post-thumbnail hentry category-portada-2 category-politica tag-di-napoli tag-macrismo\">\n<div class=\"header-standard header-classic single-header\">\n<h1 class=\"post-title single-post-title\">Derrota contundente del macrismo en el primer test electoral del a\u00f1o<\/h1>\n<div class=\"post-box-meta-single\">17 febrero, 2019<\/div>\n<\/div>\n<div class=\"post-image\"><a href=\"http:\/\/diariotextual.com\/inicio\/wp-content\/uploads\/2019\/02\/macallistermacrigris11.jpg\" data-rel=\"penci-gallery-image-content\"><img decoding=\"async\" class=\"attachment-penci-full-thumb size-penci-full-thumb penci-lazy wp-post-image\" src=\"http:\/\/diariotextual.com\/inicio\/wp-content\/uploads\/2019\/02\/macallistermacrigris11.jpg\" alt=\"Derrota contundente del macrismo en el primer test electoral del a\u00f1o\" \/><\/a><\/div>\n<div class=\"post-entry blockquote-style-1\">\n<div class=\"inner-post-entry\">\n<div id=\"ssba-modern-2\" class=\"ssba ssbp-wrap left ssbp--theme-10\">\n<div>\n<ul class=\"ssbp-list\">\n<li class=\"ssbp-li--whatsapp\"><\/li>\n<li class=\"ssbp-li--facebook\"><\/li>\n<li class=\"ssbp-li--twitter\"><\/li>\n<li class=\"ssbp-li--google\"><\/li>\n<li class=\"ssbp-li--linkedin\"><\/li>\n<\/ul>\n<\/div>\n<\/div>\n<p>El macrismo tuvo una\u00a0<strong>p\u00e9sima elecci\u00f3n<\/strong>\u00a0en el primer test electoral del a\u00f1o: Javier \u201cColo\u201d Mac Allister cay\u00f3 ante el radical Daniel Kroneberger y gan\u00f3 el kirchnerismo en Santa Rosa.<\/p>\n<p>Casa Rosada estaba expectante ante\u00a0<strong>el primer round electoral del pa\u00eds<\/strong>. La Pampa finalmente\u00a0<strong>le dio la espalda a Mac Allister y al macrismo<\/strong>.<\/p>\n<p><strong>Fue el escenario ideal para Cristina Fern\u00e1ndez en el primer test electoral<\/strong>\u00a0del a\u00f1o:\u00a0<strong>gan\u00f3 el kirchnerismo en Santa Rosa y perdi\u00f3 el macrismo en la interna de Cambiemos<\/strong>.<\/p>\n<p><strong>Marcos Pe\u00f1a<\/strong>, jefe de Gabinete y armador de la campa\u00f1a de Cambiemos, hab\u00eda presionado al radicalismo para que se encolumnara detr\u00e1s del \u201cColo\u201d.<\/p>\n<p><strong>Pero la UCR decidi\u00f3 llevar postulante propios y,\u00a0luego de una serie de idas y venidas, decidi\u00f3 por el que menos \u201cmed\u00eda\u201d en las encuestas.<\/strong><\/p>\n<p>En la victoria de Kroneberger pesaron el poder territorial y el aparato de la UCR. Esa estructura provincial que tiene el radicalismo, con comit\u00e9s en casi todas las localidades, fueron clave a la hora de enfrentar en las urnas al PRO, un partido que no tiene presencia en todos los pueblos, ni cuenta con el poder de movilizaci\u00f3n de la UCR.<\/p>\n<p>Para Kroneberger ahora queda por delante tres meses de campa\u00f1a para intentar convencer al electorado de la necesidad de cambiar el signo pol\u00edtico de la provincia, gobernada desde 1983 por el PJ.<\/p>\n<p>A Mac Allister, en tanto, no le queda otra que acompa\u00f1ar al radicalismo si es que pretende sostener Cambiemos en La Pampa. Su principal ambici\u00f3n, ser gobernador, ya no podr\u00e1 concretarse, al menos en esta elecci\u00f3n.<\/p>\n<p>&nbsp;<\/p>\n<p>&nbsp;<\/p>\n<\/div>\n<\/div>\n<\/article>\n<\/div>\n<\/div>\n<\/div>\n<\/div>\n<\/article>\n<\/div>\n<\/div>\n<\/div>\n<div class=\"oasis-despues-del-contenido\" id=\"oasis-563404412\"><img loading=\"lazy\" decoding=\"async\" src=\"https:\/\/oasisfm935.com.ar\/site\/wp-content\/uploads\/2020\/08\/47806202-8741-49f2-a5c9-d2f930e5baa1.jpg\" alt=\"\"  srcset=\"https:\/\/oasisfm935.com.ar\/site\/wp-content\/uploads\/2020\/08\/47806202-8741-49f2-a5c9-d2f930e5baa1.jpg 1080w, https:\/\/oasisfm935.com.ar\/site\/wp-content\/uploads\/2020\/08\/47806202-8741-49f2-a5c9-d2f930e5baa1-300x300.jpg 300w, https:\/\/oasisfm935.com.ar\/site\/wp-content\/uploads\/2020\/08\/47806202-8741-49f2-a5c9-d2f930e5baa1-1024x1024.jpg 1024w, https:\/\/oasisfm935.com.ar\/site\/wp-content\/uploads\/2020\/08\/47806202-8741-49f2-a5c9-d2f930e5baa1-150x150.jpg 150w, https:\/\/oasisfm935.com.ar\/site\/wp-content\/uploads\/2020\/08\/47806202-8741-49f2-a5c9-d2f930e5baa1-768x768.jpg 768w\" sizes=\"(max-width: 1080px) 100vw, 1080px\" class=\"no-lazyload\" width=\"1080\" height=\"1080\"  style=\"display: inline-block;\" \/><\/div>","protected":false},"excerpt":{"rendered":"<p>El macrismo tuvo una\u00a0p\u00e9sima elecci\u00f3n\u00a0en el primer test electoral del a\u00f1o: Javier \u201cColo\u201d Mac Allister cay\u00f3 ante el radical Daniel Kroneberger y<\/p>\n","protected":false},"author":4,"featured_media":776,"comment_status":"closed","ping_status":"open","sticky":false,"template":"","format":"standard","meta":{"colormag_page_layout":"default_layout","footnotes":""},"categories":[2],"tags":[],"class_list":["post-775","post","type-post","status-publish","format-standard","has-post-thumbnail","hentry","category-noticias"],"_links":{"self":[{"href":"https:\/\/oasisfm935.com.ar\/site\/wp-json\/wp\/v2\/posts\/775","targetHints":{"allow":["GET"]}}],"collection":[{"href":"https:\/\/oasisfm935.com.ar\/site\/wp-json\/wp\/v2\/posts"}],"about":[{"href":"https:\/\/oasisfm935.com.ar\/site\/wp-json\/wp\/v2\/types\/post"}],"author":[{"embeddable":true,"href":"https:\/\/oasisfm935.com.ar\/site\/wp-json\/wp\/v2\/users\/4"}],"replies":[{"embeddable":true,"href":"https:\/\/oasisfm935.com.ar\/site\/wp-json\/wp\/v2\/comments?post=775"}],"version-history":[{"count":1,"href":"https:\/\/oasisfm935.com.ar\/site\/wp-json\/wp\/v2\/posts\/775\/revisions"}],"predecessor-version":[{"id":777,"href":"https:\/\/oasisfm935.com.ar\/site\/wp-json\/wp\/v2\/posts\/775\/revisions\/777"}],"wp:featuredmedia":[{"embeddable":true,"href":"https:\/\/oasisfm935.com.ar\/site\/wp-json\/wp\/v2\/media\/776"}],"wp:attachment":[{"href":"https:\/\/oasisfm935.com.ar\/site\/wp-json\/wp\/v2\/media?parent=775"}],"wp:term":[{"taxonomy":"category","embeddable":true,"href":"https:\/\/oasisfm935.com.ar\/site\/wp-json\/wp\/v2\/categories?post=775"},{"taxonomy":"post_tag","embeddable":true,"href":"https:\/\/oasisfm935.com.ar\/site\/wp-json\/wp\/v2\/tags?post=775"}],"curies":[{"name":"wp","href":"https:\/\/api.w.org\/{rel}","templated":true}]}}