{"id":7755,"date":"2020-10-28T19:19:33","date_gmt":"2020-10-28T22:19:33","guid":{"rendered":"http:\/\/oasisfm935.com\/site\/?p=7755"},"modified":"2020-10-28T19:19:33","modified_gmt":"2020-10-28T22:19:33","slug":"ingeniero-luiggi-como-funcionara-el-pro-vida-de-verano-en-este-contexto-de-pandemia","status":"publish","type":"post","link":"https:\/\/oasisfm935.com.ar\/site\/ingeniero-luiggi-como-funcionara-el-pro-vida-de-verano-en-este-contexto-de-pandemia\/","title":{"rendered":"Ingeniero Luiggi: C\u00f3mo funcionar\u00e1 el Pro Vida de Verano en este contexto de pandemia."},"content":{"rendered":"<p><strong>En la ma\u00f1ana de hoy mi\u00e9rcoles la intenedenta Patricia Lavin particip\u00f3 de la videoconferencia acompa\u00f1ada por el director de Deportes Carlos Seia<\/strong>.<\/p>\n<p>La reuni\u00f3n virtual fue\u00a0 organizada por el Ministerio de Desarrollo Social de la provincia con el objetivo de avanzar en lineamientos para la ejecuci\u00f3n del Programa Provida Verano.<\/p>\n<p>Se analiz\u00f3 la situaci\u00f3n epidemiol\u00f3gica de cada localidad para tenerla en cuenta en la elaboraci\u00f3n de pr\u00f3ximos protocolos y propuestas.<\/p>\n<p>&nbsp;<\/p>\n<div class=\"oasis-despues-del-contenido\" id=\"oasis-1937132429\"><img loading=\"lazy\" decoding=\"async\" src=\"https:\/\/oasisfm935.com.ar\/site\/wp-content\/uploads\/2020\/08\/47806202-8741-49f2-a5c9-d2f930e5baa1.jpg\" alt=\"\"  srcset=\"https:\/\/oasisfm935.com.ar\/site\/wp-content\/uploads\/2020\/08\/47806202-8741-49f2-a5c9-d2f930e5baa1.jpg 1080w, https:\/\/oasisfm935.com.ar\/site\/wp-content\/uploads\/2020\/08\/47806202-8741-49f2-a5c9-d2f930e5baa1-300x300.jpg 300w, https:\/\/oasisfm935.com.ar\/site\/wp-content\/uploads\/2020\/08\/47806202-8741-49f2-a5c9-d2f930e5baa1-1024x1024.jpg 1024w, https:\/\/oasisfm935.com.ar\/site\/wp-content\/uploads\/2020\/08\/47806202-8741-49f2-a5c9-d2f930e5baa1-150x150.jpg 150w, https:\/\/oasisfm935.com.ar\/site\/wp-content\/uploads\/2020\/08\/47806202-8741-49f2-a5c9-d2f930e5baa1-768x768.jpg 768w\" sizes=\"(max-width: 1080px) 100vw, 1080px\" class=\"no-lazyload\" width=\"1080\" height=\"1080\"  style=\"display: inline-block;\" \/><\/div>","protected":false},"excerpt":{"rendered":"<p>En la ma\u00f1ana de hoy mi\u00e9rcoles la intenedenta Patricia Lavin particip\u00f3 de la videoconferencia acompa\u00f1ada por el director de Deportes Carlos Seia.<\/p>\n","protected":false},"author":4,"featured_media":7756,"comment_status":"closed","ping_status":"open","sticky":false,"template":"","format":"standard","meta":{"colormag_page_layout":"default_layout","footnotes":""},"categories":[2],"tags":[],"class_list":["post-7755","post","type-post","status-publish","format-standard","has-post-thumbnail","hentry","category-noticias"],"_links":{"self":[{"href":"https:\/\/oasisfm935.com.ar\/site\/wp-json\/wp\/v2\/posts\/7755","targetHints":{"allow":["GET"]}}],"collection":[{"href":"https:\/\/oasisfm935.com.ar\/site\/wp-json\/wp\/v2\/posts"}],"about":[{"href":"https:\/\/oasisfm935.com.ar\/site\/wp-json\/wp\/v2\/types\/post"}],"author":[{"embeddable":true,"href":"https:\/\/oasisfm935.com.ar\/site\/wp-json\/wp\/v2\/users\/4"}],"replies":[{"embeddable":true,"href":"https:\/\/oasisfm935.com.ar\/site\/wp-json\/wp\/v2\/comments?post=7755"}],"version-history":[{"count":1,"href":"https:\/\/oasisfm935.com.ar\/site\/wp-json\/wp\/v2\/posts\/7755\/revisions"}],"predecessor-version":[{"id":7757,"href":"https:\/\/oasisfm935.com.ar\/site\/wp-json\/wp\/v2\/posts\/7755\/revisions\/7757"}],"wp:featuredmedia":[{"embeddable":true,"href":"https:\/\/oasisfm935.com.ar\/site\/wp-json\/wp\/v2\/media\/7756"}],"wp:attachment":[{"href":"https:\/\/oasisfm935.com.ar\/site\/wp-json\/wp\/v2\/media?parent=7755"}],"wp:term":[{"taxonomy":"category","embeddable":true,"href":"https:\/\/oasisfm935.com.ar\/site\/wp-json\/wp\/v2\/categories?post=7755"},{"taxonomy":"post_tag","embeddable":true,"href":"https:\/\/oasisfm935.com.ar\/site\/wp-json\/wp\/v2\/tags?post=7755"}],"curies":[{"name":"wp","href":"https:\/\/api.w.org\/{rel}","templated":true}]}}