{"id":7768,"date":"2020-10-29T21:45:50","date_gmt":"2020-10-30T00:45:50","guid":{"rendered":"http:\/\/oasisfm935.com\/site\/?p=7768"},"modified":"2020-10-29T21:48:58","modified_gmt":"2020-10-30T00:48:58","slug":"nuevo-record-hoy-se-detectaron-190-casos-de-coronavirus-en-la-pampa","status":"publish","type":"post","link":"https:\/\/oasisfm935.com.ar\/site\/nuevo-record-hoy-se-detectaron-190-casos-de-coronavirus-en-la-pampa\/","title":{"rendered":"Nuevo r\u00e9cord: Hoy se detectaron 190 casos de Coronavirus en La Pampa"},"content":{"rendered":"<p>De ellos, 139 eran contactos estrechos y 39 contin\u00faan en etapa de investigaci\u00f3n. Al presente reporte, en La Pampa, se encuentran aisladas 11.900 personas.<\/p>\n<p>El Gobierno de la provincia de La Pampa, a trav\u00e9s del Ministerio de Salud, comunic\u00f3 que en horas de la tarde del d\u00eda 27 de octubre se finaliz\u00f3 con el procesamiento de 492 muestras en los laboratorios de la Direcci\u00f3n de Epidemiolog\u00eda y del Establecimiento Asistencial Gobernador Centeno y Lucio Molas, de las cuales 178 resultaron positivas para COVID-19.<\/p>\n<p>De ellas 107 corresponden a residentes en Santa Rosa, 26 en General Pico,11 en Eduardo Castex, 9 en Toay, 4 en Realic\u00f3, 4 en Catril\u00f3, 4 en Quem\u00fa Quem\u00fa, 3 en Victorica, 2 en Trenel, 2 en General Campos, 1 en La Adela, 1 en Ataliva Roca,1 en Ingeniero Luiggi, 1 en Doblas, 1 en Santa Isabel y 1 en Mauricio Mayer.<\/p>\n<p>De los 178 casos confirmados en la tarde de hoy, 139 se encontraban aislados por ser considerados contactos estrechos, mientras que 39 casos contin\u00faan en investigaci\u00f3n epidemiol\u00f3gica.<br \/>\n<strong>Situaci\u00f3n provincial:\u00a0<\/strong><\/p>\n<p>Desde el inicio de la pandemia, en la provincia, se registraron un total de 2.682 casos positivos para COVID-19, de los cuales 1.099 permanecen activos, 30 han fallecido y 1.553 se han recuperado, entre estos \u00faltimos se encuentran 48 personas de Santa Rosa, 23 de General Pico, 7 de Eduardo Castex, 7 de Macach\u00edn, 6 de Toay, 2 de Trenel, 2 de Realic\u00f3, 1 de Quem\u00fa Quem\u00fa y 1 de Guatrach\u00e9.<\/p>\n<p>Los casos confirmados activos est\u00e1n distribuidos de la siguiente manera: 597 en la ciudad de Santa Rosa, 275 en General Pico, 44 en Toay, 15 en Trenel, 26 en 25 de Mayo, 11 en Macach\u00edn, 10 en Quem\u00fa Quem\u00fa, 20 en Eduardo Castex, 2 en Guatrach\u00e9,\u00a0 4 en Intendente Alvear, 9\u00a0 en La Adela, 6 en Uriburu,\u00a0 19 en Realic\u00f3, 3 en Winifreda, 3 en Santa Teresa, 3 en General Acha, 4 en Ingeniero Luiggi, 4 en Conhello, 6 en General Campos, 4 en Caleuf\u00fa, 9 en Victorica, 5 en La Maruja, 6 en Catril\u00f3, 1 en Tril\u00ed, 2 en Anguil, 1 en Bernasconi, 1 en Algarrobo del \u00c1guila, 1 en Lonquimay, 2 en Ataliva Roca, 1 en Speluzzi, 2 en Doblas,1 en Colonia Bar\u00f3n, 1 en Santa Isabel y 1 en Mauricio Mayer.<\/p>\n<p>Al d\u00eda de la fecha se encuentran aisladas un total de 11.900 personas en toda la provincia.<br \/>\n<strong>Rango etario de los pacientes internados<\/strong><br \/>\nSe encuentran internados 58 pacientes confirmados para COVID-19. En General Pico 14 pacientes: 9 de ellos en modulares y 5 en sala de terapia intensiva. En Santa Rosa 44 pacientes, 16 de ellos en cl\u00ednica m\u00e9dica, 13 en terapia intensiva y 15 en modulares. La edad promedio de los pacientes internados en sala de terapia intensiva es de 51,7 a\u00f1os (entre 34 y 69).<\/p>\n<div class=\"oasis-despues-del-contenido\" id=\"oasis-310528335\"><img loading=\"lazy\" decoding=\"async\" src=\"https:\/\/oasisfm935.com.ar\/site\/wp-content\/uploads\/2020\/08\/47806202-8741-49f2-a5c9-d2f930e5baa1.jpg\" alt=\"\"  srcset=\"https:\/\/oasisfm935.com.ar\/site\/wp-content\/uploads\/2020\/08\/47806202-8741-49f2-a5c9-d2f930e5baa1.jpg 1080w, https:\/\/oasisfm935.com.ar\/site\/wp-content\/uploads\/2020\/08\/47806202-8741-49f2-a5c9-d2f930e5baa1-300x300.jpg 300w, https:\/\/oasisfm935.com.ar\/site\/wp-content\/uploads\/2020\/08\/47806202-8741-49f2-a5c9-d2f930e5baa1-1024x1024.jpg 1024w, https:\/\/oasisfm935.com.ar\/site\/wp-content\/uploads\/2020\/08\/47806202-8741-49f2-a5c9-d2f930e5baa1-150x150.jpg 150w, https:\/\/oasisfm935.com.ar\/site\/wp-content\/uploads\/2020\/08\/47806202-8741-49f2-a5c9-d2f930e5baa1-768x768.jpg 768w\" sizes=\"(max-width: 1080px) 100vw, 1080px\" class=\"no-lazyload\" width=\"1080\" height=\"1080\"  style=\"display: inline-block;\" \/><\/div>","protected":false},"excerpt":{"rendered":"<p>De ellos, 139 eran contactos estrechos y 39 contin\u00faan en etapa de investigaci\u00f3n. Al presente reporte, en La Pampa, se encuentran aisladas<\/p>\n","protected":false},"author":4,"featured_media":7770,"comment_status":"closed","ping_status":"open","sticky":false,"template":"","format":"standard","meta":{"colormag_page_layout":"default_layout","footnotes":""},"categories":[2],"tags":[],"class_list":["post-7768","post","type-post","status-publish","format-standard","has-post-thumbnail","hentry","category-noticias"],"_links":{"self":[{"href":"https:\/\/oasisfm935.com.ar\/site\/wp-json\/wp\/v2\/posts\/7768","targetHints":{"allow":["GET"]}}],"collection":[{"href":"https:\/\/oasisfm935.com.ar\/site\/wp-json\/wp\/v2\/posts"}],"about":[{"href":"https:\/\/oasisfm935.com.ar\/site\/wp-json\/wp\/v2\/types\/post"}],"author":[{"embeddable":true,"href":"https:\/\/oasisfm935.com.ar\/site\/wp-json\/wp\/v2\/users\/4"}],"replies":[{"embeddable":true,"href":"https:\/\/oasisfm935.com.ar\/site\/wp-json\/wp\/v2\/comments?post=7768"}],"version-history":[{"count":1,"href":"https:\/\/oasisfm935.com.ar\/site\/wp-json\/wp\/v2\/posts\/7768\/revisions"}],"predecessor-version":[{"id":7769,"href":"https:\/\/oasisfm935.com.ar\/site\/wp-json\/wp\/v2\/posts\/7768\/revisions\/7769"}],"wp:featuredmedia":[{"embeddable":true,"href":"https:\/\/oasisfm935.com.ar\/site\/wp-json\/wp\/v2\/media\/7770"}],"wp:attachment":[{"href":"https:\/\/oasisfm935.com.ar\/site\/wp-json\/wp\/v2\/media?parent=7768"}],"wp:term":[{"taxonomy":"category","embeddable":true,"href":"https:\/\/oasisfm935.com.ar\/site\/wp-json\/wp\/v2\/categories?post=7768"},{"taxonomy":"post_tag","embeddable":true,"href":"https:\/\/oasisfm935.com.ar\/site\/wp-json\/wp\/v2\/tags?post=7768"}],"curies":[{"name":"wp","href":"https:\/\/api.w.org\/{rel}","templated":true}]}}