{"id":7772,"date":"2020-10-30T12:38:42","date_gmt":"2020-10-30T15:38:42","guid":{"rendered":"http:\/\/oasisfm935.com\/site\/?p=7772"},"modified":"2020-10-30T12:42:05","modified_gmt":"2020-10-30T15:42:05","slug":"la-pampa-el-gobernador-ziliotto-anuncio-testeos-rapidos-y-prolongo-la-fase-2-en-pico-y-santa-rosa-y-sumo-a-realico","status":"publish","type":"post","link":"https:\/\/oasisfm935.com.ar\/site\/la-pampa-el-gobernador-ziliotto-anuncio-testeos-rapidos-y-prolongo-la-fase-2-en-pico-y-santa-rosa-y-sumo-a-realico\/","title":{"rendered":"La Pampa: El Gobernador Ziliotto anunci\u00f3  testeos r\u00e1pidos y prolong\u00f3 la fase 2 en Pico y Santa Rosa y sumo a Realic\u00f3"},"content":{"rendered":"<p>El gobernador Sergio Ziliotto dio una conferencia este viernes al mediod\u00eda. Dijo que hay indicios de circulaci\u00f3n comunitaria del virus. Prolong\u00f3 la fase 2 en Pico y Santa Rosa hasta el 9 de noviembre.<\/p>\n<p>El gobernador Sergio Ziliotto brind\u00f3 una conferencia de prensa junto al ministro de Salud, Rub\u00e9n Kohan, y la directora de Epidemiolog\u00eda, Ana Bertone, este mediod\u00eda, sobre la continuidad de las medidas preventivas ante la dif\u00edcil situaci\u00f3n sanitaria que atraviesa la provincia. La fase 2 vigente en Santa Rosa y General Pico se exxtend\u00eda hasta el 3 de noviembre. El gobernador anunci\u00f3 que se prolongar\u00e1 hasta el lunes 9 de noviembre. Tambi\u00e9n que Realic\u00f3 se sumar\u00e1 a las localidades con ese tipo de restricciones hasta el d\u00eda 16, como La Maruja y Castex.<\/p>\n<p>La curva de congatios se mantiene alta y sin bajas. Ayer hubo 190 casos positivos con un acumulado que supero los 3 mil en toda la pandemia (1248 activos hoy). Se relevan al menos en la mitad de los pueblos de la provincia. Hay ocho localidades en fase 2 actualmente: adem\u00e1s de las dos ciudadess m\u00e1s grandes, Castex, La Maruja, Victorica, 25 de Mayo, La Adela y Toay.<\/p>\n<p>Ziliotto habl\u00f3 en el Sal\u00f3n de Acuerdos de Casa de Gobierno.\u00a0Se transmiti\u00f3 en directo por la Televisi\u00f3n P\u00fablica Pampeana &#8211; Canal 3.<\/p>\n<p>\u00abNo estamos excentos al agravamiento de la situaci\u00f3n sanitaria del pa\u00eds\u00bb, dijo el gobernador. \u00abEl centro del pa\u00eds est\u00e1 en color rojo intenso y que hay una mancha blanca, un poco ya salpicada de rojo, que es La Pampa\u00bb, grafic\u00f3.<\/p>\n<p>Por eso justific\u00f3 las \u00abmedidas focalizadas\u00bb para atacar la posibilidad de que se extienda la cadena de contagios. \u00abHay dos roles, el del gobierno por un lado y el de la sociedad por el otro\u00bb, record\u00f3.<\/p>\n<p>Sobre las acciones de gobierno, mencion\u00f3 que en Santa Rosa y General Pico se profundiz\u00f3 el brote. \u00abSe increment\u00f3 notablemente la cantidad de casos\u00bb, dijo. \u00abSe duplican los casos en menos de quince d\u00edas. Tambi\u00e9n un elemento nuevo, tenemos una cantidad de casos sin nexo epidemiol\u00f3gico conocido\u00bb, a\u00f1adi\u00f3.<\/p>\n<p>\u00abHasta hace d\u00edas ten\u00edamos certeza de los nexos epidemiol\u00f3gicos. Pero en los \u00faltimos d\u00edas, de cada 3 casos positivos, uno no tiene nexo\u00bb, alert\u00f3. \u00abHay indicios de que el escenario est\u00e1 cambiando a un escenario de transmisi\u00f3n comunitaria\u00bb, diagnostic\u00f3.<\/p>\n<p>Ante esta situaci\u00f3n, anunci\u00f3 las nuevas medidas. En las tres localidades se ampliar\u00e1 la capacidad de diagn\u00f3stico: se utilizar\u00e1n test r\u00e1pidos. \u00abSon nuevos insumos que dan mayor certeza, vamos a tener m\u00e1s territorio cubierto para tratar de detectar contagiados con menos tiempo. El resultado se da en 15 minutos\u00bb, se\u00f1al\u00f3.<\/p>\n<p>Hasta ahora los PCR pueden tardar hasta 48 o 72 horas. \u00abVamos a detectar antes, a incrementar la b\u00fasqueda activa con personal adicional a Salud. Vamos a testear ante la aparici\u00f3n de s\u00edntomas\u00bb, dijo.<\/p>\n<p>Ante la mayor cantidad de aislados que se espera, dijo que a partir del d\u00eda martes dividir\u00e1n el seguimiento en tres estartegias: control presencial, telef\u00f3nico y a trav\u00e9s de una aplicaci\u00f3n. \u00abPara determinar el tiempo de aislamiento del segundo anillo, contactos estrechos de contactos estrechos, lo vamos a poder liberar a los siete d\u00edas\u00a0 para actividades laborales aunque seguir\u00e1 bajo seguimiento con la aplicaci\u00f3n, deber\u00e1 informar si aparecen s\u00edntomas en los segundos siete d\u00edas\u00bb, precis\u00f3.<\/p>\n<p>\u00abEl segundo anillo tendr\u00e1 siete d\u00edas de aislamiento y en los segundos podr\u00e1 trabajar con seguimiento de la aplicaci\u00f3n\u00bb, resumi\u00f3.<\/p>\n<p>Ziliotto prorrog\u00f3 la fase 2 hasta el lunes 9 en Santa Rosa, Pico y Toay e incorpor\u00f3 a Realic\u00f3 hasta el d\u00eda 16.<\/p>\n<p>La directora de Epidemiolog\u00eda, Ana Bertone, dijo que las nuevas estrategias apuntan a \u00abtratar de controlar la enfermedad lo m\u00e1s r\u00e1pido posible\u00bb.<\/p>\n<p>Empezar\u00e1n los testeos r\u00e1pidos en Toay, Santa Rosa y General Pico. Dijo que este tipo de diagn\u00f3stico tambi\u00e9n se realizar\u00e1 en centros privados de salud, con la obligaci\u00f3n de notificar inmediatamente si aparecen positivos para tratarlos y para aislar los contactos estrechos.\u00a0La m\u00e9dica dijo que es relevante que en los hogares de los contactos estrechos aislados tambi\u00e9n se implementen medidas para prevenir contagios.<\/p>\n<p>Kohan rescat\u00f3 que los testeos \u00abmejoran la velocidad del diagn\u00f3stico\u00bb. \u00abEn esta nueva fase vamos a trabajar con pacientes sintom\u00e1ticos. El test r\u00e1pido es un hisopado, como una PCR. Tarda entre 15 o 20 minutos. Si el test negativo, igual le vamos a hacer la PCR. Lo vamos a usar a demanda de pacientes con s\u00edntomas y vamos a ir con b\u00fasqueda activa de acuerdo al mapa del contexto epidemiol\u00f3gico\u00bb, precis\u00f3.<\/p>\n<p>El ministro neg\u00f3 que los encuentros permitidos por el d\u00eda de la madre haya influido en el brote\u00a0 de contagios. \u00abEl tercer domingo de octubre fue el d\u00eda de la madre. Hab\u00eda 11 d\u00edas de tiempo de duplicaci\u00f3n. Hoy estamos en 13. No ha cambiado. Hay que desmitificar que eso cambi\u00f3 la situaci\u00f3n epidemiol\u00f3gica\u00bb, aclar\u00f3. Ziliotto apoy\u00f3 esa idea: dijo que el d\u00eda de la madre se permiti\u00f3 encuentros en toda la provincia y en otras localidades no subieron los casos.<\/p>\n<div class=\"oasis-despues-del-contenido\" id=\"oasis-4147419597\"><img loading=\"lazy\" decoding=\"async\" src=\"https:\/\/oasisfm935.com.ar\/site\/wp-content\/uploads\/2020\/08\/47806202-8741-49f2-a5c9-d2f930e5baa1.jpg\" alt=\"\"  srcset=\"https:\/\/oasisfm935.com.ar\/site\/wp-content\/uploads\/2020\/08\/47806202-8741-49f2-a5c9-d2f930e5baa1.jpg 1080w, https:\/\/oasisfm935.com.ar\/site\/wp-content\/uploads\/2020\/08\/47806202-8741-49f2-a5c9-d2f930e5baa1-300x300.jpg 300w, https:\/\/oasisfm935.com.ar\/site\/wp-content\/uploads\/2020\/08\/47806202-8741-49f2-a5c9-d2f930e5baa1-1024x1024.jpg 1024w, https:\/\/oasisfm935.com.ar\/site\/wp-content\/uploads\/2020\/08\/47806202-8741-49f2-a5c9-d2f930e5baa1-150x150.jpg 150w, https:\/\/oasisfm935.com.ar\/site\/wp-content\/uploads\/2020\/08\/47806202-8741-49f2-a5c9-d2f930e5baa1-768x768.jpg 768w\" sizes=\"(max-width: 1080px) 100vw, 1080px\" class=\"no-lazyload\" width=\"1080\" height=\"1080\"  style=\"display: inline-block;\" \/><\/div>","protected":false},"excerpt":{"rendered":"<p>El gobernador Sergio Ziliotto dio una conferencia este viernes al mediod\u00eda. Dijo que hay indicios de circulaci\u00f3n comunitaria del virus. Prolong\u00f3 la<\/p>\n","protected":false},"author":4,"featured_media":7773,"comment_status":"closed","ping_status":"open","sticky":false,"template":"","format":"standard","meta":{"colormag_page_layout":"default_layout","footnotes":""},"categories":[2],"tags":[],"class_list":["post-7772","post","type-post","status-publish","format-standard","has-post-thumbnail","hentry","category-noticias"],"_links":{"self":[{"href":"https:\/\/oasisfm935.com.ar\/site\/wp-json\/wp\/v2\/posts\/7772","targetHints":{"allow":["GET"]}}],"collection":[{"href":"https:\/\/oasisfm935.com.ar\/site\/wp-json\/wp\/v2\/posts"}],"about":[{"href":"https:\/\/oasisfm935.com.ar\/site\/wp-json\/wp\/v2\/types\/post"}],"author":[{"embeddable":true,"href":"https:\/\/oasisfm935.com.ar\/site\/wp-json\/wp\/v2\/users\/4"}],"replies":[{"embeddable":true,"href":"https:\/\/oasisfm935.com.ar\/site\/wp-json\/wp\/v2\/comments?post=7772"}],"version-history":[{"count":4,"href":"https:\/\/oasisfm935.com.ar\/site\/wp-json\/wp\/v2\/posts\/7772\/revisions"}],"predecessor-version":[{"id":7777,"href":"https:\/\/oasisfm935.com.ar\/site\/wp-json\/wp\/v2\/posts\/7772\/revisions\/7777"}],"wp:featuredmedia":[{"embeddable":true,"href":"https:\/\/oasisfm935.com.ar\/site\/wp-json\/wp\/v2\/media\/7773"}],"wp:attachment":[{"href":"https:\/\/oasisfm935.com.ar\/site\/wp-json\/wp\/v2\/media?parent=7772"}],"wp:term":[{"taxonomy":"category","embeddable":true,"href":"https:\/\/oasisfm935.com.ar\/site\/wp-json\/wp\/v2\/categories?post=7772"},{"taxonomy":"post_tag","embeddable":true,"href":"https:\/\/oasisfm935.com.ar\/site\/wp-json\/wp\/v2\/tags?post=7772"}],"curies":[{"name":"wp","href":"https:\/\/api.w.org\/{rel}","templated":true}]}}