{"id":7779,"date":"2020-10-30T16:59:14","date_gmt":"2020-10-30T19:59:14","guid":{"rendered":"http:\/\/oasisfm935.com\/site\/?p=7779"},"modified":"2020-10-30T16:59:14","modified_gmt":"2020-10-30T19:59:14","slug":"la-maruja-gustavo-cein-intendente-de-la-maruja-tenemos-12-contagios-y-300-personas-aisladas-en-la-localidad","status":"publish","type":"post","link":"https:\/\/oasisfm935.com.ar\/site\/la-maruja-gustavo-cein-intendente-de-la-maruja-tenemos-12-contagios-y-300-personas-aisladas-en-la-localidad\/","title":{"rendered":"La Maruja: Gustavo Cein, intendente de La Maruja: \u201cTenemos 12 contagios y 300 personas aisladas en la localidad\u201d"},"content":{"rendered":"<p>El responsable de ejecutivo provincial afirm\u00f3 que \u201cLa realidad es compleja\u201d y confirm\u00f3 que se encontraba aislado \u201csoy asintom\u00e1tico y estoy trabajando desde mi casa\u201d.<br \/>\nSe\u00f1al\u00f3 que \u201cen estos momentos, tenemos 10 casos positivos y 2 casos m\u00e1s que viajaron a Trenel y ayer se positivizaron, lo cual hace que sean 12 casos en total, adem\u00e1s de 300 personas aisladas\u201d.<\/p>\n<p>La Maruja tiene 1500 habitantes \u201cpor lo cual estamos hablando m\u00e1s del 20% de la poblaci\u00f3n, por lo cual es significativa la cantidad de personas aisladas\u201d.<\/p>\n<p>Cont\u00f3 que los comercios est\u00e1n abiertos, pero la municipalidad est\u00e1 cerrada \u201cestamos trabajando desde las casas\u201d, aunque los servicios esenciales se est\u00e1n cubriendo normalmente.<\/p>\n<p>\u201cLo que est\u00e1bamos observando es que la circulaci\u00f3n en el pueblo no se hab\u00eda frenado como deber\u00eda frenarse, para tratar de controlar la situaci\u00f3n y por eso se decidi\u00f3 el pase a fase 2\u201d, narr\u00f3.<\/p>\n<p>Se\u00f1al\u00f3 que \u201cel nexo de contagio, lo tenemos con General Pico, pero se est\u00e1 investigando otra v\u00eda, pero el nexo con General Pico es concreto\u201d y que \u201cel pasaje a fase 2 fue consensuado y hablado con provincia por una cuesti\u00f3n de lo que estaba sucediendo\u201d<\/p>\n<p>Ministerio de Salud de la provincia de La Pampa, desconozco si en otro lado de la Argentina, se a\u00edslen contactos de contactos, que provoca una incomodidad pero es anticiparse a lo que va a suceder.<\/p>\n<p>Info Pico.<\/p>\n<div class=\"oasis-despues-del-contenido\" id=\"oasis-1470677895\"><img loading=\"lazy\" decoding=\"async\" src=\"https:\/\/oasisfm935.com.ar\/site\/wp-content\/uploads\/2020\/08\/47806202-8741-49f2-a5c9-d2f930e5baa1.jpg\" alt=\"\"  srcset=\"https:\/\/oasisfm935.com.ar\/site\/wp-content\/uploads\/2020\/08\/47806202-8741-49f2-a5c9-d2f930e5baa1.jpg 1080w, https:\/\/oasisfm935.com.ar\/site\/wp-content\/uploads\/2020\/08\/47806202-8741-49f2-a5c9-d2f930e5baa1-300x300.jpg 300w, https:\/\/oasisfm935.com.ar\/site\/wp-content\/uploads\/2020\/08\/47806202-8741-49f2-a5c9-d2f930e5baa1-1024x1024.jpg 1024w, https:\/\/oasisfm935.com.ar\/site\/wp-content\/uploads\/2020\/08\/47806202-8741-49f2-a5c9-d2f930e5baa1-150x150.jpg 150w, https:\/\/oasisfm935.com.ar\/site\/wp-content\/uploads\/2020\/08\/47806202-8741-49f2-a5c9-d2f930e5baa1-768x768.jpg 768w\" sizes=\"(max-width: 1080px) 100vw, 1080px\" class=\"no-lazyload\" width=\"1080\" height=\"1080\"  style=\"display: inline-block;\" \/><\/div>","protected":false},"excerpt":{"rendered":"<p>El responsable de ejecutivo provincial afirm\u00f3 que \u201cLa realidad es compleja\u201d y confirm\u00f3 que se encontraba aislado \u201csoy asintom\u00e1tico y estoy trabajando<\/p>\n","protected":false},"author":4,"featured_media":7780,"comment_status":"closed","ping_status":"open","sticky":false,"template":"","format":"standard","meta":{"colormag_page_layout":"default_layout","footnotes":""},"categories":[2],"tags":[],"class_list":["post-7779","post","type-post","status-publish","format-standard","has-post-thumbnail","hentry","category-noticias"],"_links":{"self":[{"href":"https:\/\/oasisfm935.com.ar\/site\/wp-json\/wp\/v2\/posts\/7779","targetHints":{"allow":["GET"]}}],"collection":[{"href":"https:\/\/oasisfm935.com.ar\/site\/wp-json\/wp\/v2\/posts"}],"about":[{"href":"https:\/\/oasisfm935.com.ar\/site\/wp-json\/wp\/v2\/types\/post"}],"author":[{"embeddable":true,"href":"https:\/\/oasisfm935.com.ar\/site\/wp-json\/wp\/v2\/users\/4"}],"replies":[{"embeddable":true,"href":"https:\/\/oasisfm935.com.ar\/site\/wp-json\/wp\/v2\/comments?post=7779"}],"version-history":[{"count":1,"href":"https:\/\/oasisfm935.com.ar\/site\/wp-json\/wp\/v2\/posts\/7779\/revisions"}],"predecessor-version":[{"id":7781,"href":"https:\/\/oasisfm935.com.ar\/site\/wp-json\/wp\/v2\/posts\/7779\/revisions\/7781"}],"wp:featuredmedia":[{"embeddable":true,"href":"https:\/\/oasisfm935.com.ar\/site\/wp-json\/wp\/v2\/media\/7780"}],"wp:attachment":[{"href":"https:\/\/oasisfm935.com.ar\/site\/wp-json\/wp\/v2\/media?parent=7779"}],"wp:term":[{"taxonomy":"category","embeddable":true,"href":"https:\/\/oasisfm935.com.ar\/site\/wp-json\/wp\/v2\/categories?post=7779"},{"taxonomy":"post_tag","embeddable":true,"href":"https:\/\/oasisfm935.com.ar\/site\/wp-json\/wp\/v2\/tags?post=7779"}],"curies":[{"name":"wp","href":"https:\/\/api.w.org\/{rel}","templated":true}]}}