{"id":778,"date":"2019-02-17T21:18:50","date_gmt":"2019-02-18T00:18:50","guid":{"rendered":"http:\/\/oasisfm935.com\/site\/?p=778"},"modified":"2019-02-17T21:18:50","modified_gmt":"2019-02-18T00:18:50","slug":"cfk-dice-estar-profundamente-emocionada-por-la-eleccion-en-santa-rosa","status":"publish","type":"post","link":"https:\/\/oasisfm935.com.ar\/site\/cfk-dice-estar-profundamente-emocionada-por-la-eleccion-en-santa-rosa\/","title":{"rendered":"CFK dice estar \u201cprofundamente emocionada\u201d por la elecci\u00f3n en Santa Rosa"},"content":{"rendered":"<p>&nbsp;<\/p>\n<p>\u201cEstoy profundamente emocionada. Te felicito\u201d. Ese fue parte del mensaje que le dej\u00f3, por tel\u00e9fono, la expresidenta Cristina Fern\u00e1ndez a Luciano di N\u00e1poli, que gan\u00f3 la interna de este domingo del Frente Justicialista Pampeano. \u201cHabl\u00e9 con Cristina y me felicit\u00f3\u201d, dijo el ahora candidato.<\/p>\n<div class=\"oasis-despues-del-contenido\" id=\"oasis-2857586918\"><img loading=\"lazy\" decoding=\"async\" src=\"https:\/\/oasisfm935.com.ar\/site\/wp-content\/uploads\/2020\/08\/47806202-8741-49f2-a5c9-d2f930e5baa1.jpg\" alt=\"\"  srcset=\"https:\/\/oasisfm935.com.ar\/site\/wp-content\/uploads\/2020\/08\/47806202-8741-49f2-a5c9-d2f930e5baa1.jpg 1080w, https:\/\/oasisfm935.com.ar\/site\/wp-content\/uploads\/2020\/08\/47806202-8741-49f2-a5c9-d2f930e5baa1-300x300.jpg 300w, https:\/\/oasisfm935.com.ar\/site\/wp-content\/uploads\/2020\/08\/47806202-8741-49f2-a5c9-d2f930e5baa1-1024x1024.jpg 1024w, https:\/\/oasisfm935.com.ar\/site\/wp-content\/uploads\/2020\/08\/47806202-8741-49f2-a5c9-d2f930e5baa1-150x150.jpg 150w, https:\/\/oasisfm935.com.ar\/site\/wp-content\/uploads\/2020\/08\/47806202-8741-49f2-a5c9-d2f930e5baa1-768x768.jpg 768w\" sizes=\"(max-width: 1080px) 100vw, 1080px\" class=\"no-lazyload\" width=\"1080\" height=\"1080\"  style=\"display: inline-block;\" \/><\/div>","protected":false},"excerpt":{"rendered":"<p>&nbsp; \u201cEstoy profundamente emocionada. Te felicito\u201d. Ese fue parte del mensaje que le dej\u00f3, por tel\u00e9fono, la expresidenta Cristina Fern\u00e1ndez a Luciano<\/p>\n","protected":false},"author":4,"featured_media":779,"comment_status":"closed","ping_status":"open","sticky":false,"template":"","format":"standard","meta":{"colormag_page_layout":"default_layout","footnotes":""},"categories":[2],"tags":[],"class_list":["post-778","post","type-post","status-publish","format-standard","has-post-thumbnail","hentry","category-noticias"],"_links":{"self":[{"href":"https:\/\/oasisfm935.com.ar\/site\/wp-json\/wp\/v2\/posts\/778","targetHints":{"allow":["GET"]}}],"collection":[{"href":"https:\/\/oasisfm935.com.ar\/site\/wp-json\/wp\/v2\/posts"}],"about":[{"href":"https:\/\/oasisfm935.com.ar\/site\/wp-json\/wp\/v2\/types\/post"}],"author":[{"embeddable":true,"href":"https:\/\/oasisfm935.com.ar\/site\/wp-json\/wp\/v2\/users\/4"}],"replies":[{"embeddable":true,"href":"https:\/\/oasisfm935.com.ar\/site\/wp-json\/wp\/v2\/comments?post=778"}],"version-history":[{"count":1,"href":"https:\/\/oasisfm935.com.ar\/site\/wp-json\/wp\/v2\/posts\/778\/revisions"}],"predecessor-version":[{"id":780,"href":"https:\/\/oasisfm935.com.ar\/site\/wp-json\/wp\/v2\/posts\/778\/revisions\/780"}],"wp:featuredmedia":[{"embeddable":true,"href":"https:\/\/oasisfm935.com.ar\/site\/wp-json\/wp\/v2\/media\/779"}],"wp:attachment":[{"href":"https:\/\/oasisfm935.com.ar\/site\/wp-json\/wp\/v2\/media?parent=778"}],"wp:term":[{"taxonomy":"category","embeddable":true,"href":"https:\/\/oasisfm935.com.ar\/site\/wp-json\/wp\/v2\/categories?post=778"},{"taxonomy":"post_tag","embeddable":true,"href":"https:\/\/oasisfm935.com.ar\/site\/wp-json\/wp\/v2\/tags?post=778"}],"curies":[{"name":"wp","href":"https:\/\/api.w.org\/{rel}","templated":true}]}}