{"id":7799,"date":"2020-10-31T10:42:17","date_gmt":"2020-10-31T13:42:17","guid":{"rendered":"http:\/\/oasisfm935.com\/site\/?p=7799"},"modified":"2020-10-31T10:42:17","modified_gmt":"2020-10-31T13:42:17","slug":"la-pampa-impresionante-choque-frontal-entre-un-camion-y-una-camioneta-en-la-ruta-188-cerca-de-van-praet","status":"publish","type":"post","link":"https:\/\/oasisfm935.com.ar\/site\/la-pampa-impresionante-choque-frontal-entre-un-camion-y-una-camioneta-en-la-ruta-188-cerca-de-van-praet\/","title":{"rendered":"La Pampa: Impresionante choque frontal entre un cami\u00f3n y una camioneta en la Ruta 188 cerca de Van Praet"},"content":{"rendered":"<p>El hecho de proporciones se produjo en horas de esta ma\u00f1ana a eso de las 08:30 en el kil\u00f3metro 458 de la Ruta Nacional 188, cerca de uno de los accesos de Van Praet.<\/p>\n<p>En el grave accidente intervinieron tres veh\u00edculos, seg\u00fan la informaci\u00f3n suministrada por el comisario Aranguez, jefe de la comisar\u00eda de Realic\u00f3 a infopico.com, quien se\u00f1al\u00f3 que \u201cel cami\u00f3n habr\u00eda realizado una maniobra de adelantamiento a un tractor que circulaba en la misma direcci\u00f3n tirando una casilla y un carro\u201d, puntualizo.<\/p>\n<p>Luego agreg\u00f3 que \u201ctras esta maniobra, el cami\u00f3n termin\u00f3 colisionando de trente con una camioneta marca Toyota en la que viajaban dos personas\u201d. A ra\u00edz del fuerte impacto, el cami\u00f3n que circulaba de este a oeste cargado con bolsa de cal, termin\u00f3 volcado sobre la banquina contraria.<\/p>\n<p>Por su parte la camioneta Toyota result\u00f3 totalmente destruida y una persona qued\u00f3 atrapada por lo que bomberos de la localidad de Realic\u00f3 debieron trabajar arduamente para poder rescatarla.<\/p>\n<p>Si bien no se sabe con precisi\u00f3n el estado de salud de los accidentados, tres personas fueron derivadas al hospital de Realic\u00f3, y ser\u00edan los dos ocupantes de la camioneta y el chofer del cami\u00f3n.<\/p>\n<p><img decoding=\"async\" src=\"https:\/\/www.infopico.com\/wp-content\/uploads\/2020\/10\/accidente-3.jpg\" \/><\/p>\n<p><img decoding=\"async\" src=\"https:\/\/www.infopico.com\/wp-content\/uploads\/2020\/10\/accidente-2.jpg\" \/><\/p>\n<p>fuente info pico<\/p>\n<div class=\"oasis-despues-del-contenido\" id=\"oasis-2798642980\"><img loading=\"lazy\" decoding=\"async\" src=\"https:\/\/oasisfm935.com.ar\/site\/wp-content\/uploads\/2020\/08\/47806202-8741-49f2-a5c9-d2f930e5baa1.jpg\" alt=\"\"  srcset=\"https:\/\/oasisfm935.com.ar\/site\/wp-content\/uploads\/2020\/08\/47806202-8741-49f2-a5c9-d2f930e5baa1.jpg 1080w, https:\/\/oasisfm935.com.ar\/site\/wp-content\/uploads\/2020\/08\/47806202-8741-49f2-a5c9-d2f930e5baa1-300x300.jpg 300w, https:\/\/oasisfm935.com.ar\/site\/wp-content\/uploads\/2020\/08\/47806202-8741-49f2-a5c9-d2f930e5baa1-1024x1024.jpg 1024w, https:\/\/oasisfm935.com.ar\/site\/wp-content\/uploads\/2020\/08\/47806202-8741-49f2-a5c9-d2f930e5baa1-150x150.jpg 150w, https:\/\/oasisfm935.com.ar\/site\/wp-content\/uploads\/2020\/08\/47806202-8741-49f2-a5c9-d2f930e5baa1-768x768.jpg 768w\" sizes=\"(max-width: 1080px) 100vw, 1080px\" class=\"no-lazyload\" width=\"1080\" height=\"1080\"  style=\"display: inline-block;\" \/><\/div>","protected":false},"excerpt":{"rendered":"<p>El hecho de proporciones se produjo en horas de esta ma\u00f1ana a eso de las 08:30 en el kil\u00f3metro 458 de la<\/p>\n","protected":false},"author":4,"featured_media":7801,"comment_status":"closed","ping_status":"open","sticky":false,"template":"","format":"standard","meta":{"colormag_page_layout":"default_layout","footnotes":""},"categories":[2],"tags":[],"class_list":["post-7799","post","type-post","status-publish","format-standard","has-post-thumbnail","hentry","category-noticias"],"_links":{"self":[{"href":"https:\/\/oasisfm935.com.ar\/site\/wp-json\/wp\/v2\/posts\/7799","targetHints":{"allow":["GET"]}}],"collection":[{"href":"https:\/\/oasisfm935.com.ar\/site\/wp-json\/wp\/v2\/posts"}],"about":[{"href":"https:\/\/oasisfm935.com.ar\/site\/wp-json\/wp\/v2\/types\/post"}],"author":[{"embeddable":true,"href":"https:\/\/oasisfm935.com.ar\/site\/wp-json\/wp\/v2\/users\/4"}],"replies":[{"embeddable":true,"href":"https:\/\/oasisfm935.com.ar\/site\/wp-json\/wp\/v2\/comments?post=7799"}],"version-history":[{"count":1,"href":"https:\/\/oasisfm935.com.ar\/site\/wp-json\/wp\/v2\/posts\/7799\/revisions"}],"predecessor-version":[{"id":7802,"href":"https:\/\/oasisfm935.com.ar\/site\/wp-json\/wp\/v2\/posts\/7799\/revisions\/7802"}],"wp:featuredmedia":[{"embeddable":true,"href":"https:\/\/oasisfm935.com.ar\/site\/wp-json\/wp\/v2\/media\/7801"}],"wp:attachment":[{"href":"https:\/\/oasisfm935.com.ar\/site\/wp-json\/wp\/v2\/media?parent=7799"}],"wp:term":[{"taxonomy":"category","embeddable":true,"href":"https:\/\/oasisfm935.com.ar\/site\/wp-json\/wp\/v2\/categories?post=7799"},{"taxonomy":"post_tag","embeddable":true,"href":"https:\/\/oasisfm935.com.ar\/site\/wp-json\/wp\/v2\/tags?post=7799"}],"curies":[{"name":"wp","href":"https:\/\/api.w.org\/{rel}","templated":true}]}}