{"id":781,"date":"2019-02-18T12:12:18","date_gmt":"2019-02-18T15:12:18","guid":{"rendered":"http:\/\/oasisfm935.com\/site\/?p=781"},"modified":"2019-02-18T12:12:18","modified_gmt":"2019-02-18T15:12:18","slug":"soledad-mir-tras-el-triunfo-en-ing-luiggi-agradezco-a-quienes-confiaron-en-lo-que-representa-nuestra-lista","status":"publish","type":"post","link":"https:\/\/oasisfm935.com.ar\/site\/soledad-mir-tras-el-triunfo-en-ing-luiggi-agradezco-a-quienes-confiaron-en-lo-que-representa-nuestra-lista\/","title":{"rendered":"Soledad Mir tras el triunfo en Ing. Luiggi: \u201cAgradezco a quienes confiaron en lo que representa nuestra lista\u201d"},"content":{"rendered":"<p>&nbsp;<\/p>\n<div class=\"itemIntroText\">\n<p><strong>La ahora candidata a intendenta por el Frente Cambiemos en Ingeniero Luiggi Soledad Mir agradeci\u00f3 a afiliados e independientes por el apoyo en estas elecciones internas del domingo.<\/strong><\/p>\n<\/div>\n<div class=\"itemFullText\">\n<p>En di\u00e1logo con\u00a0<strong>Zonal Noticias<\/strong>\u00a0expres\u00f3 \u201c<strong>la verdad que estoy muy contenta, muy agradecida, en especial a nuestros afiliados que han dado una muestra inmensa de apoyo a la lista\u201d.<\/strong><\/p>\n<blockquote><p>\u201cEso lo valoro much\u00edsimo porque veo que se sienten confiados en lo que esta lista representa para el futuro y para competir en las generales de mayo, asique estoy m\u00e1s que feliz\u201d, \u00a0asegur\u00f3.<\/p>\n<p><strong>Mir agradeci\u00f3 adem\u00e1s a los independientes<\/strong>, porque \u201c un gran sector de personas se acerc\u00f3 a vota r a pesar de ser un d\u00eda muy enlutado para la localidad, por la p\u00e9rdida de Santiago Ferreyra que es una tragedia espantosa\u201d.<\/p><\/blockquote>\n<p><strong>\u201cPero m\u00e1s all\u00e1 de esta dolorosa realidad, la gente igualmente se acerc\u00f3 a acompa\u00f1arnos, asique mi agradecimiento a todos ellos\u201d<\/strong>, concluy\u00f3 la flamante candidata a la intendencia de Luiggi por el Frente Cambiemos.<\/p>\n<blockquote><p>El resultado\u00a0 final\u00a0 del domingo fue 475 votos para Mir frente a 341 de Daniel Gil, es decir una diferencia de 134 sufragios en favor de la precandidata de la UCR.<\/p>\n<p><a href=\"http:\/\/oasisfm935.com\/site\/wp-content\/uploads\/2019\/02\/download-3.jpeg\"><img loading=\"lazy\" decoding=\"async\" class=\"alignnone size-full wp-image-783\" src=\"http:\/\/oasisfm935.com\/site\/wp-content\/uploads\/2019\/02\/download-3.jpeg\" alt=\"\" width=\"960\" height=\"629\" srcset=\"https:\/\/oasisfm935.com.ar\/site\/wp-content\/uploads\/2019\/02\/download-3.jpeg 960w, https:\/\/oasisfm935.com.ar\/site\/wp-content\/uploads\/2019\/02\/download-3-300x197.jpeg 300w, https:\/\/oasisfm935.com.ar\/site\/wp-content\/uploads\/2019\/02\/download-3-768x503.jpeg 768w\" sizes=\"auto, (max-width: 960px) 100vw, 960px\" \/><\/a><\/p><\/blockquote>\n<p><strong>En esta localidad tambi\u00e9n fue triunfo del precandidato radical Daniel Kroneberger, como ocurri\u00f3 en la mayor\u00eda de los pueblos de la zona.<\/strong><\/p>\n<p><strong>Kroneberger conquist\u00f3 459 votos frente a 341 de Mac Allister.<\/strong><\/p>\n<blockquote><p><strong>Ahora a definici\u00f3n por la intendencia local el pr\u00f3ximo 19 de mayo ser\u00e1 entre dos mujeres: Soledad Mir por el Frente Cambiemos y Patricia Lavin por el FreJuPa.<\/strong><\/p><\/blockquote>\n<p>Fuente: zonal Noticias<\/p>\n<\/div>\n<div class=\"oasis-despues-del-contenido\" id=\"oasis-3879167061\"><img loading=\"lazy\" decoding=\"async\" src=\"https:\/\/oasisfm935.com.ar\/site\/wp-content\/uploads\/2020\/08\/47806202-8741-49f2-a5c9-d2f930e5baa1.jpg\" alt=\"\"  srcset=\"https:\/\/oasisfm935.com.ar\/site\/wp-content\/uploads\/2020\/08\/47806202-8741-49f2-a5c9-d2f930e5baa1.jpg 1080w, https:\/\/oasisfm935.com.ar\/site\/wp-content\/uploads\/2020\/08\/47806202-8741-49f2-a5c9-d2f930e5baa1-300x300.jpg 300w, https:\/\/oasisfm935.com.ar\/site\/wp-content\/uploads\/2020\/08\/47806202-8741-49f2-a5c9-d2f930e5baa1-1024x1024.jpg 1024w, https:\/\/oasisfm935.com.ar\/site\/wp-content\/uploads\/2020\/08\/47806202-8741-49f2-a5c9-d2f930e5baa1-150x150.jpg 150w, https:\/\/oasisfm935.com.ar\/site\/wp-content\/uploads\/2020\/08\/47806202-8741-49f2-a5c9-d2f930e5baa1-768x768.jpg 768w\" sizes=\"(max-width: 1080px) 100vw, 1080px\" class=\"no-lazyload\" width=\"1080\" height=\"1080\"  style=\"display: inline-block;\" \/><\/div>","protected":false},"excerpt":{"rendered":"<p>&nbsp; La ahora candidata a intendenta por el Frente Cambiemos en Ingeniero Luiggi Soledad Mir agradeci\u00f3 a afiliados e independientes por el<\/p>\n","protected":false},"author":4,"featured_media":782,"comment_status":"closed","ping_status":"open","sticky":false,"template":"","format":"standard","meta":{"colormag_page_layout":"default_layout","footnotes":""},"categories":[2],"tags":[],"class_list":["post-781","post","type-post","status-publish","format-standard","has-post-thumbnail","hentry","category-noticias"],"_links":{"self":[{"href":"https:\/\/oasisfm935.com.ar\/site\/wp-json\/wp\/v2\/posts\/781","targetHints":{"allow":["GET"]}}],"collection":[{"href":"https:\/\/oasisfm935.com.ar\/site\/wp-json\/wp\/v2\/posts"}],"about":[{"href":"https:\/\/oasisfm935.com.ar\/site\/wp-json\/wp\/v2\/types\/post"}],"author":[{"embeddable":true,"href":"https:\/\/oasisfm935.com.ar\/site\/wp-json\/wp\/v2\/users\/4"}],"replies":[{"embeddable":true,"href":"https:\/\/oasisfm935.com.ar\/site\/wp-json\/wp\/v2\/comments?post=781"}],"version-history":[{"count":1,"href":"https:\/\/oasisfm935.com.ar\/site\/wp-json\/wp\/v2\/posts\/781\/revisions"}],"predecessor-version":[{"id":784,"href":"https:\/\/oasisfm935.com.ar\/site\/wp-json\/wp\/v2\/posts\/781\/revisions\/784"}],"wp:featuredmedia":[{"embeddable":true,"href":"https:\/\/oasisfm935.com.ar\/site\/wp-json\/wp\/v2\/media\/782"}],"wp:attachment":[{"href":"https:\/\/oasisfm935.com.ar\/site\/wp-json\/wp\/v2\/media?parent=781"}],"wp:term":[{"taxonomy":"category","embeddable":true,"href":"https:\/\/oasisfm935.com.ar\/site\/wp-json\/wp\/v2\/categories?post=781"},{"taxonomy":"post_tag","embeddable":true,"href":"https:\/\/oasisfm935.com.ar\/site\/wp-json\/wp\/v2\/tags?post=781"}],"curies":[{"name":"wp","href":"https:\/\/api.w.org\/{rel}","templated":true}]}}