{"id":7810,"date":"2020-10-31T20:45:54","date_gmt":"2020-10-31T23:45:54","guid":{"rendered":"http:\/\/oasisfm935.com\/site\/?p=7810"},"modified":"2020-10-31T20:45:54","modified_gmt":"2020-10-31T23:45:54","slug":"este-sabado-los-numeros-dieron-un-respiro-en-la-provincia-se-detectaron-59-casos-de-coronavirus-en-la-pampa","status":"publish","type":"post","link":"https:\/\/oasisfm935.com.ar\/site\/este-sabado-los-numeros-dieron-un-respiro-en-la-provincia-se-detectaron-59-casos-de-coronavirus-en-la-pampa\/","title":{"rendered":"Este s\u00e1bado los n\u00fameros dieron un respiro en la provincia se detectaron 59 casos de Coronavirus en La Pampa."},"content":{"rendered":"<p>El Gobierno de la provincia de La Pampa a trav\u00e9s del Ministerio de Salud comunica que en horas de la tarde del d\u00eda 31 de octubre, se finaliz\u00f3 con el procesamiento de 292 muestras analizadas en los laboratorios de la Direcci\u00f3n de Epidemiolog\u00eda y del hospital Gobernador Centeno y Lucio Molas, de las cuales 59 resultaron positivas\u00a0 para COVID-19.<\/p>\n<p>De ellos 19 residen en Santa Rosa, 10 en General Pico, 9 en Toay,\u00a0 6 en Realic\u00f3, 3 en 25 de Mayo, 2\u00a0 en Embajador Martini, 2 en Ojeda, 1 en Campos, 1 en Alta Italia, 1 en Doblas, 1 en Guatrach\u00e9, 1 en Winifreda, 1 en Colonia Santa Mar\u00eda, 1 en Victorica y 1 en Limay Mahuida . Cabe aclarar que se ha analizado la totalidad de muestras tomadas a pacientes con sintomatolog\u00eda compatible con la enfermedad Covid 19. No hay atraso en el an\u00e1lisis de muestras.<br \/>\nDe los 59 casos confirmados en la tarde de hoy, 42 se encontraban aislados por ser considerados contactos estrechos, mientras que 17 casos contin\u00faan en investigaci\u00f3n epidemiol\u00f3gica.<\/p>\n<p><strong>Situaci\u00f3n provincial<\/strong><br \/>\nDesde el inicio de la pandemia, en nuestra provincia, se registraron un total 3252 casos positivos para COVID-19, de los cuales 1216 permanecen activos, 31 han fallecido y 2005 se han recuperado, entre estos \u00faltimos se encuentran, 63\u00a0 personas de Santa Rosa,\u00a0 13 de General Pico, 6 de Realic\u00f3, 4 de 25 de Mayo,\u00a0 3 de Toay, 2 de La Adela,\u00a0 1 de Quem\u00fa Quem\u00fa, 1 en Castex, 2 en Trenel, 1 en Victorica<\/p>\n<p>Los casos confirmados activos est\u00e1n distribuidos de la siguiente manera: 603 en la ciudad de Santa Rosa, 273 en General Pico, 68 en Toay, 38 en Castex, 35 en 25 de mayo,\u00a0 31 en Realic\u00f3, 24 en Macach\u00edn,\u00a0 18 en Victorica, 13 en Quem\u00fa Quem\u00fa, 13 en Catril\u00f3, 9 en Trenel, 11 en La Maruja, 7 en La Adela, 10 en General Campos, 7 en Guatrach\u00e9, 5 en Cohello, 4 en Ataliva Roca, 4 en Caleuf\u00fa,\u00a0 3 en Santa Teresa, 3 en Uriburu, 3 en Luiggi, 3 en Winifreda, 1 en General Acha ,2 en Alpachiri, 2 en Anguil, 3 en Doblas,\u00a0 2 en La Humada, 3 en Embajador Martini, 1 en Bernasconi, 1 en Algarrobo del Aguila,\u00a0 1 en Lonquimay, 1 en Speluzzi, 1 en Colonia Bar\u00f3n, 1 en Santa Isabel, 3 en Ojeda, 1 en Tril\u00ed, 1 en Alta Italia, 1 en Mauricio Mayer, 1 en Quehu\u00e9, 2 en Limay Mahuida, 2 en Santa Mar\u00eda y 1 en Puel\u00e9n<\/p>\n<p>&nbsp;<\/p>\n<p>Al d\u00eda de la fecha se encuentran aisladas un total de 10021 personas en toda la provincia.<\/p>\n<p><strong>Personas internadas &#8211; Edades<\/strong><br \/>\nSe encuentran internadas 69 personas confirmadas para COVID-19. En General Pico 20 personas internadas, de ellos 13 en modulares y 7 en terapia intensiva. En Santa Rosa se encuentran internadas\u00a0 49 personas, de ellas 14 en cl\u00ednica m\u00e9dica,\u00a0 14 en terapia intensiva y 21 en modulares. La edad promedio de los pacientes internados en Terapia Intensiva es de 51,7 a\u00f1os (entre 34 y 69).<\/p>\n<div class=\"oasis-despues-del-contenido\" id=\"oasis-3639046823\"><img loading=\"lazy\" decoding=\"async\" src=\"https:\/\/oasisfm935.com.ar\/site\/wp-content\/uploads\/2020\/08\/47806202-8741-49f2-a5c9-d2f930e5baa1.jpg\" alt=\"\"  srcset=\"https:\/\/oasisfm935.com.ar\/site\/wp-content\/uploads\/2020\/08\/47806202-8741-49f2-a5c9-d2f930e5baa1.jpg 1080w, https:\/\/oasisfm935.com.ar\/site\/wp-content\/uploads\/2020\/08\/47806202-8741-49f2-a5c9-d2f930e5baa1-300x300.jpg 300w, https:\/\/oasisfm935.com.ar\/site\/wp-content\/uploads\/2020\/08\/47806202-8741-49f2-a5c9-d2f930e5baa1-1024x1024.jpg 1024w, https:\/\/oasisfm935.com.ar\/site\/wp-content\/uploads\/2020\/08\/47806202-8741-49f2-a5c9-d2f930e5baa1-150x150.jpg 150w, https:\/\/oasisfm935.com.ar\/site\/wp-content\/uploads\/2020\/08\/47806202-8741-49f2-a5c9-d2f930e5baa1-768x768.jpg 768w\" sizes=\"(max-width: 1080px) 100vw, 1080px\" class=\"no-lazyload\" width=\"1080\" height=\"1080\"  style=\"display: inline-block;\" \/><\/div>","protected":false},"excerpt":{"rendered":"<p>El Gobierno de la provincia de La Pampa a trav\u00e9s del Ministerio de Salud comunica que en horas de la tarde del<\/p>\n","protected":false},"author":4,"featured_media":7811,"comment_status":"closed","ping_status":"open","sticky":false,"template":"","format":"standard","meta":{"colormag_page_layout":"default_layout","footnotes":""},"categories":[2],"tags":[],"class_list":["post-7810","post","type-post","status-publish","format-standard","has-post-thumbnail","hentry","category-noticias"],"_links":{"self":[{"href":"https:\/\/oasisfm935.com.ar\/site\/wp-json\/wp\/v2\/posts\/7810","targetHints":{"allow":["GET"]}}],"collection":[{"href":"https:\/\/oasisfm935.com.ar\/site\/wp-json\/wp\/v2\/posts"}],"about":[{"href":"https:\/\/oasisfm935.com.ar\/site\/wp-json\/wp\/v2\/types\/post"}],"author":[{"embeddable":true,"href":"https:\/\/oasisfm935.com.ar\/site\/wp-json\/wp\/v2\/users\/4"}],"replies":[{"embeddable":true,"href":"https:\/\/oasisfm935.com.ar\/site\/wp-json\/wp\/v2\/comments?post=7810"}],"version-history":[{"count":1,"href":"https:\/\/oasisfm935.com.ar\/site\/wp-json\/wp\/v2\/posts\/7810\/revisions"}],"predecessor-version":[{"id":7812,"href":"https:\/\/oasisfm935.com.ar\/site\/wp-json\/wp\/v2\/posts\/7810\/revisions\/7812"}],"wp:featuredmedia":[{"embeddable":true,"href":"https:\/\/oasisfm935.com.ar\/site\/wp-json\/wp\/v2\/media\/7811"}],"wp:attachment":[{"href":"https:\/\/oasisfm935.com.ar\/site\/wp-json\/wp\/v2\/media?parent=7810"}],"wp:term":[{"taxonomy":"category","embeddable":true,"href":"https:\/\/oasisfm935.com.ar\/site\/wp-json\/wp\/v2\/categories?post=7810"},{"taxonomy":"post_tag","embeddable":true,"href":"https:\/\/oasisfm935.com.ar\/site\/wp-json\/wp\/v2\/tags?post=7810"}],"curies":[{"name":"wp","href":"https:\/\/api.w.org\/{rel}","templated":true}]}}