{"id":7814,"date":"2020-11-01T04:36:28","date_gmt":"2020-11-01T07:36:28","guid":{"rendered":"http:\/\/oasisfm935.com\/site\/?p=7814"},"modified":"2020-11-01T04:37:46","modified_gmt":"2020-11-01T07:37:46","slug":"urgente-murio-mario-pereyra","status":"publish","type":"post","link":"https:\/\/oasisfm935.com.ar\/site\/urgente-murio-mario-pereyra\/","title":{"rendered":"[URGENTE] Muri\u00f3 Mario Pereyra."},"content":{"rendered":"<p>Se encontraba internado desde el 13 de octubre pasado luego de haber contra\u00eddo coronavirus.<\/p>\n<p>Su esposa Estela, y madre de sus hijos, en tanto, se encuentra a\u00fan internada en el Instituto Modelo de Cardiolog\u00eda producto de la Covid-19.<\/p>\n<p>Mario\u00a0fue durante 35 a\u00f1os l\u00edder en audiencia y uno de los creadores de la radio m\u00e1s federal del pa\u00eds, que dise\u00f1\u00f3 y construy\u00f3 con su impronta.<\/p>\n<p>Fue un promotor incansable de los artistas argentinos, descubridor de talentos e impulsor de vertientes novedosas de la cultura nacional.<\/p>\n<p>Hombre pol\u00e9mico, fiel a sus verdades, defensor de la Rep\u00fablica y de los valores democr\u00e1ticos.<\/p>\n<p>Amigo de las personalidades m\u00e1s encumbradas de la m\u00fasica y de las figuras que reconstruyeron la democracia.<\/p>\n<p>Hombre incansable, creativo, y que am\u00f3 como nadie a la radio, su lugar en este mundo.<\/p>\n<p>Sus restos ser\u00e1n cremados en un ceremonia estrictamente privada y familiar. No habr\u00e1 velorio ni ceremonia alguna.<\/p>\n<div class=\"oasis-despues-del-contenido\" id=\"oasis-4091576248\"><img loading=\"lazy\" decoding=\"async\" src=\"https:\/\/oasisfm935.com.ar\/site\/wp-content\/uploads\/2020\/08\/47806202-8741-49f2-a5c9-d2f930e5baa1.jpg\" alt=\"\"  srcset=\"https:\/\/oasisfm935.com.ar\/site\/wp-content\/uploads\/2020\/08\/47806202-8741-49f2-a5c9-d2f930e5baa1.jpg 1080w, https:\/\/oasisfm935.com.ar\/site\/wp-content\/uploads\/2020\/08\/47806202-8741-49f2-a5c9-d2f930e5baa1-300x300.jpg 300w, https:\/\/oasisfm935.com.ar\/site\/wp-content\/uploads\/2020\/08\/47806202-8741-49f2-a5c9-d2f930e5baa1-1024x1024.jpg 1024w, https:\/\/oasisfm935.com.ar\/site\/wp-content\/uploads\/2020\/08\/47806202-8741-49f2-a5c9-d2f930e5baa1-150x150.jpg 150w, https:\/\/oasisfm935.com.ar\/site\/wp-content\/uploads\/2020\/08\/47806202-8741-49f2-a5c9-d2f930e5baa1-768x768.jpg 768w\" sizes=\"(max-width: 1080px) 100vw, 1080px\" class=\"no-lazyload\" width=\"1080\" height=\"1080\"  style=\"display: inline-block;\" \/><\/div>","protected":false},"excerpt":{"rendered":"<p>Se encontraba internado desde el 13 de octubre pasado luego de haber contra\u00eddo coronavirus. Su esposa Estela, y madre de sus hijos,<\/p>\n","protected":false},"author":4,"featured_media":7815,"comment_status":"closed","ping_status":"open","sticky":false,"template":"","format":"standard","meta":{"colormag_page_layout":"default_layout","footnotes":""},"categories":[2],"tags":[],"class_list":["post-7814","post","type-post","status-publish","format-standard","has-post-thumbnail","hentry","category-noticias"],"_links":{"self":[{"href":"https:\/\/oasisfm935.com.ar\/site\/wp-json\/wp\/v2\/posts\/7814","targetHints":{"allow":["GET"]}}],"collection":[{"href":"https:\/\/oasisfm935.com.ar\/site\/wp-json\/wp\/v2\/posts"}],"about":[{"href":"https:\/\/oasisfm935.com.ar\/site\/wp-json\/wp\/v2\/types\/post"}],"author":[{"embeddable":true,"href":"https:\/\/oasisfm935.com.ar\/site\/wp-json\/wp\/v2\/users\/4"}],"replies":[{"embeddable":true,"href":"https:\/\/oasisfm935.com.ar\/site\/wp-json\/wp\/v2\/comments?post=7814"}],"version-history":[{"count":2,"href":"https:\/\/oasisfm935.com.ar\/site\/wp-json\/wp\/v2\/posts\/7814\/revisions"}],"predecessor-version":[{"id":7817,"href":"https:\/\/oasisfm935.com.ar\/site\/wp-json\/wp\/v2\/posts\/7814\/revisions\/7817"}],"wp:featuredmedia":[{"embeddable":true,"href":"https:\/\/oasisfm935.com.ar\/site\/wp-json\/wp\/v2\/media\/7815"}],"wp:attachment":[{"href":"https:\/\/oasisfm935.com.ar\/site\/wp-json\/wp\/v2\/media?parent=7814"}],"wp:term":[{"taxonomy":"category","embeddable":true,"href":"https:\/\/oasisfm935.com.ar\/site\/wp-json\/wp\/v2\/categories?post=7814"},{"taxonomy":"post_tag","embeddable":true,"href":"https:\/\/oasisfm935.com.ar\/site\/wp-json\/wp\/v2\/tags?post=7814"}],"curies":[{"name":"wp","href":"https:\/\/api.w.org\/{rel}","templated":true}]}}