{"id":7833,"date":"2020-11-01T20:32:25","date_gmt":"2020-11-01T23:32:25","guid":{"rendered":"http:\/\/oasisfm935.com\/site\/?p=7833"},"modified":"2020-11-01T20:32:25","modified_gmt":"2020-11-01T23:32:25","slug":"coronavirus-la-pampa-hoy-se-detectaron-102-nuevos-casos-ingeniero-luiggi-no-reporto-ningun-caso","status":"publish","type":"post","link":"https:\/\/oasisfm935.com.ar\/site\/coronavirus-la-pampa-hoy-se-detectaron-102-nuevos-casos-ingeniero-luiggi-no-reporto-ningun-caso\/","title":{"rendered":"Coronavirus La Pampa: Hoy se detectaron 102 nuevos casos, Ingeniero Luiggi no reporto ning\u00fan caso."},"content":{"rendered":"<p>El Gobierno de la provincia de La Pampa a trav\u00e9s del Ministerio de Salud comunica que en horas de la tarde del d\u00eda 1 de noviembre se finaliz\u00f3 con el procesamiento de 370 muestras analizadas en los laboratorios de la Direcci\u00f3n de Epidemiolog\u00eda y del hospital Gobernador Centeno y Lucio Molas, de las cuales 102 resultaron positivas\u00a0 para COVID-19.<\/p>\n<p>De ellos 51 residen en Santa Rosa, 25 en General Pico, 8 en Castex,\u00a0 7 en Realic\u00f3, 3 en Santa Mar\u00eda, 2 en Toay, 3 en Victorica, 1 en Trenel, 1 en Catril\u00f3, 1 en La Humada. Cabe aclarar que se ha analizado la totalidad de muestras tomadas a pacientes con sintomatolog\u00eda compatible con la enfermedad Covid 19. No hay atraso en el an\u00e1lisis de muestras<\/p>\n<p>De los 102 casos confirmados en la tarde de hoy, 78 se encontraban aislados por ser considerados contactos estrechos, mientras que 24 casos contin\u00faan en investigaci\u00f3n epidemiol\u00f3gica.<\/p>\n<p><strong>Situaci\u00f3n<\/strong>\u00a0<strong>provincial<\/strong><br \/>\nDesde el inicio de la pandemia, en nuestra provincia, se registraron un total 3354 casos positivos para COVID-19, de los cuales 1213 permanecen activos, 33 han fallecido y 2108 se han recuperado, entre estos \u00faltimos se encuentran, 45\u00a0 personas de Santa Rosa,\u00a0 38 de General Pico, 4 de Realic\u00f3,\u00a0 5 de Toay, 3 de Trenel, 3 de Macach\u00edn, 2 de Castex, 2 de Conhello y 1 de Caleuf\u00fa<\/p>\n<p>&nbsp;<\/p>\n<p>Los casos confirmados activos est\u00e1n distribuidos de la siguiente manera: 608 en la ciudad de Santa Rosa, 259 en General Pico, 65 en Toay, 44 en Castex, 35 en 25 de mayo,\u00a0 34 en Realic\u00f3, 21 en Macach\u00edn,\u00a0 21 en Victorica, 13 en Quem\u00fa Quem\u00fa, 14 en Catril\u00f3, 7 en Trenel, 11 en La Maruja, 7 en La Adela, 10 en General Campos, 7 en Guatrach\u00e9, 3 en Cohello, 4 en Ataliva Roca, 3 en Caleuf\u00fa,\u00a0 3 en Santa Teresa, 3 en Uriburu, 3 en Luiggi, 3 en Winifreda, 1 en General Acha ,2 en Alpachiri, 2 en Anguil, 3 en Doblas,\u00a0 3 en La Humada, 3 en Embajador Martini, 1 en Bernasconi, 1 en Algarrobo del Aguila,\u00a0 1 en Lonquimay, 1 en Speluzzi, 1 en Colonia Bar\u00f3n, 1 en Santa Isabel, 3 en Ojeda, 1 en Tril\u00ed, 1 en Alta Italia, 1 en Mauricio Mayer, 1 en Quehu\u00e9, 2 en Limay Mahuida, 5 en Santa Mar\u00eda y 1 en Puel\u00e9n<\/p>\n<p><strong>Personas<\/strong>\u00a0<strong>internadas<\/strong><br \/>\nSe encuentran internadas 66 personas confirmadas para COVID-19. En General Pico 19 personas internadas, de ellos 14 en modulares y 5 en terapia intensiva. En Santa Rosa se encuentran internadas\u00a0 41 personas, de ellas 14 en cl\u00ednica m\u00e9dica,\u00a0 12 en terapia intensiva y 15 en modulares. En el Hospital Evita de Santa Rosa 4 personas internadas en cl\u00ednica m\u00e9dica. En el Hospital de Victorica 1 internado en cl\u00ednica medica. En el Hospital de la localidad de Realico 1 persona en cl\u00ednica m\u00e9dica.<\/p>\n<div class=\"oasis-despues-del-contenido\" id=\"oasis-4057655972\"><img loading=\"lazy\" decoding=\"async\" src=\"https:\/\/oasisfm935.com.ar\/site\/wp-content\/uploads\/2020\/08\/47806202-8741-49f2-a5c9-d2f930e5baa1.jpg\" alt=\"\"  srcset=\"https:\/\/oasisfm935.com.ar\/site\/wp-content\/uploads\/2020\/08\/47806202-8741-49f2-a5c9-d2f930e5baa1.jpg 1080w, https:\/\/oasisfm935.com.ar\/site\/wp-content\/uploads\/2020\/08\/47806202-8741-49f2-a5c9-d2f930e5baa1-300x300.jpg 300w, https:\/\/oasisfm935.com.ar\/site\/wp-content\/uploads\/2020\/08\/47806202-8741-49f2-a5c9-d2f930e5baa1-1024x1024.jpg 1024w, https:\/\/oasisfm935.com.ar\/site\/wp-content\/uploads\/2020\/08\/47806202-8741-49f2-a5c9-d2f930e5baa1-150x150.jpg 150w, https:\/\/oasisfm935.com.ar\/site\/wp-content\/uploads\/2020\/08\/47806202-8741-49f2-a5c9-d2f930e5baa1-768x768.jpg 768w\" sizes=\"(max-width: 1080px) 100vw, 1080px\" class=\"no-lazyload\" width=\"1080\" height=\"1080\"  style=\"display: inline-block;\" \/><\/div>","protected":false},"excerpt":{"rendered":"<p>El Gobierno de la provincia de La Pampa a trav\u00e9s del Ministerio de Salud comunica que en horas de la tarde del<\/p>\n","protected":false},"author":4,"featured_media":7834,"comment_status":"closed","ping_status":"open","sticky":false,"template":"","format":"standard","meta":{"colormag_page_layout":"default_layout","footnotes":""},"categories":[2],"tags":[],"class_list":["post-7833","post","type-post","status-publish","format-standard","has-post-thumbnail","hentry","category-noticias"],"_links":{"self":[{"href":"https:\/\/oasisfm935.com.ar\/site\/wp-json\/wp\/v2\/posts\/7833","targetHints":{"allow":["GET"]}}],"collection":[{"href":"https:\/\/oasisfm935.com.ar\/site\/wp-json\/wp\/v2\/posts"}],"about":[{"href":"https:\/\/oasisfm935.com.ar\/site\/wp-json\/wp\/v2\/types\/post"}],"author":[{"embeddable":true,"href":"https:\/\/oasisfm935.com.ar\/site\/wp-json\/wp\/v2\/users\/4"}],"replies":[{"embeddable":true,"href":"https:\/\/oasisfm935.com.ar\/site\/wp-json\/wp\/v2\/comments?post=7833"}],"version-history":[{"count":1,"href":"https:\/\/oasisfm935.com.ar\/site\/wp-json\/wp\/v2\/posts\/7833\/revisions"}],"predecessor-version":[{"id":7835,"href":"https:\/\/oasisfm935.com.ar\/site\/wp-json\/wp\/v2\/posts\/7833\/revisions\/7835"}],"wp:featuredmedia":[{"embeddable":true,"href":"https:\/\/oasisfm935.com.ar\/site\/wp-json\/wp\/v2\/media\/7834"}],"wp:attachment":[{"href":"https:\/\/oasisfm935.com.ar\/site\/wp-json\/wp\/v2\/media?parent=7833"}],"wp:term":[{"taxonomy":"category","embeddable":true,"href":"https:\/\/oasisfm935.com.ar\/site\/wp-json\/wp\/v2\/categories?post=7833"},{"taxonomy":"post_tag","embeddable":true,"href":"https:\/\/oasisfm935.com.ar\/site\/wp-json\/wp\/v2\/tags?post=7833"}],"curies":[{"name":"wp","href":"https:\/\/api.w.org\/{rel}","templated":true}]}}