{"id":7837,"date":"2020-11-02T11:27:18","date_gmt":"2020-11-02T14:27:18","guid":{"rendered":"http:\/\/oasisfm935.com\/site\/?p=7837"},"modified":"2020-11-02T11:27:35","modified_gmt":"2020-11-02T14:27:35","slug":"ingeniero-luiggi-nacho-martin-cuenta-como-es-el-protocolo-de-las-empresas-funerarias-en-la-pampa-frente-a-los-fallecidos-por-covid-19","status":"publish","type":"post","link":"https:\/\/oasisfm935.com.ar\/site\/ingeniero-luiggi-nacho-martin-cuenta-como-es-el-protocolo-de-las-empresas-funerarias-en-la-pampa-frente-a-los-fallecidos-por-covid-19\/","title":{"rendered":"Ingeniero Luiggi: Nacho Martin cuenta c\u00f3mo es el protocolo de las empresas funerarias en La Pampa frente a los fallecidos por Covid-19."},"content":{"rendered":"<p>Es evidente que la pandemia lo cambi\u00f3 todo, y tambi\u00e9n modific\u00f3 los protocolos de actuaci\u00f3n ante casos de muertes por coronavirus, con el objetivo de evitar que tanto los familiares de las v\u00edctimas como quienes trabajan en los entierros o las cremaciones se contagien o propaguen la enfermedad.<\/p>\n<p><strong>Zonal Noticias<\/strong>\u00a0entrevist\u00f3 a Ignacio \u00abNacho\u00bb Martin, titular de \u00abMart\u00edn Servicios Sociales\u00bb que entre otras prestaciones, brinda el servicio funerario en varias localidades de la provincia con sucursales en el norte, el oeste, el centro y el sur pampeano.<\/p>\n<p>En una charla con nuestro portal, Nacho como lo conocen todos sus amigos, destac\u00f3 la\u00a0<strong>importancia de conocer el protocolo que utilizan<\/strong>, porque \u00abfrente a este tema que preocupa al mundo, se habla mucho de qu\u00e9 pasa en los hospitales, en la v\u00eda p\u00fablica, en los eventos, pero no hubo muchos medios de comunicaci\u00f3n que nos hayan consultado a nosotros, que somos quienes terminamos recibiendo a las v\u00edctimas por Covid-19, c\u00f3mo es el protocolo\u00bb.<\/p>\n<p><strong>\u00abCuando comenz\u00f3 todo \u00e9sto, nosotros como empresa, especialmente mi esposa fue quien all\u00e1 por el mes de marzo comenz\u00f3 a tomar recaudos y comenzamos a comprar de a poco los equipos de protecci\u00f3n\u00bb,\u00a0<\/strong>explic\u00f3 el titular de la empresa funeraria.<\/p>\n<p>\u00abEn lo personal, te soy sincero, pens\u00e9 que era una exageraci\u00f3n, pero mi se\u00f1ora m\u00e1s previsora, fue comprando los trajes y\u00a0<strong>lleg\u00f3 el d\u00eda hace ya m\u00e1s de dos meses en que pr\u00e1cticamente en el 50% o 60% de los fallecidos que nos toca retirar, tenemos que ir encapsulados\u00bb,\u00a0<\/strong>se\u00f1al\u00f3.<\/p>\n<p><strong>\u00abEn algunos casos por una posible sospecha por un caso de covid cuando a\u00fan no est\u00e1n los resultados de los hisopados, y otras veces cuando ya se nos comunica que se trata de un caso positivo\u00bb,<\/strong>\u00a0explic\u00f3.<\/p>\n<p>Mart\u00edn coment\u00f3 que su empresa atiende m\u00e1s de 20 localidades en la provincia con su empresa funeraria. \u00abPor lo tanto nos cuidamos con todas las medidas de prevenci\u00f3n y los equipos adecuados, de<strong>\u00a0hecho hasta ahora nadie de nuestro personal dio positivo,<\/strong>\u00a0o sea que evidentemente los cuidados han sido muy buenos\u00bb, remarc\u00f3.<\/p>\n<p>En cuanto a los<strong>\u00a0trajes\u00a0<\/strong>que utilizan, Nacho Mart\u00edn indic\u00f3 que\u00a0<strong>\u00abno son nada econ\u00f3micos, pero lo ten\u00edamos que hacer y absorber como empresa todas las medidas de seguridad que no son pocas<\/strong>\u00ab.<\/p>\n<figure class=\"wp-block-gallery columns-1 is-cropped\"><figcaption class=\"blocks-gallery-caption\">Nacho Martin y su hijo Guido encapsulados<\/figcaption><\/figure>\n<p>En lo que es la\u00a0<strong>desinfecci\u00f3n,<\/strong>\u00a0coment\u00f3 que \u00abes muy efectivo el acohol al 70% con agua y la lavandina, pero adem\u00e1s nosotros agregamos el amonio cuaternario que se consigue en el Parque Industrial de Santa Rosa, que tambi\u00e9n lo utiliza personal de bomberos para la desinfecci\u00f3n de edificios\u00bb.<\/p>\n<p><strong>Cementerios<\/strong><\/p>\n<p>En relaci\u00f3n a los protocolos en los cementerios ante un caso positivo de Covid-19, Mart\u00edn coment\u00f3 que d\u00edas atr\u00e1s, tuvieron que trasladar a un vecino de Ingeniero Luiggi al cementerio de la localidad.<\/p>\n<p>\u00abSe manej\u00f3 muy bien, hubo mucha preocupaci\u00f3n, a mi me llam\u00f3 en persona la intendenta municipal Patricia Lavin consult\u00e1ndome , preocupada y le contest\u00e9 lo mismo que te digo ahora:\u00a0<strong>con lo que nosotros hacemos, no deber\u00eda haber ning\u00fan tipo de problemas para el d\u00eda de los fieles difuntos ni en cualquier momento en que los fieles quieran asistir a los cementerios\u00bb.<\/strong><\/p>\n<p><strong>\u00abTrato ejemplar\u00bb<\/strong><\/p>\n<p>Al referirse al traslado de los fallecidos desde los centros de salud o los Centros Emergentes tanto de Pico como de Santa Rosa (CEAR), indic\u00f3 que \u00ab<strong>se tiene un trato ejemplar con la persona ya sea cuando est\u00e1 internada como cuando fallece, se nos entrega el fallecido en doble bolsa, con una desinfecci\u00f3n total del cuerpo que lo hace muy bien personal de salud\u00bb.<\/strong><\/p>\n<p>\u00abNosotros cada vez que vamos a retirar un Covid positivo, nos sentimos muy resguardados y muy seguros a trav\u00e9s de la gente de Salud P\u00fablica y debo aclararlo porque est\u00e1 bueno que la gente sepa que se trabaja muy bien\u00bb, remarc\u00f3.<\/p>\n<p><strong>Mart\u00edn coment\u00f3 que se volvi\u00f3 a ir a con los ata\u00fades a retirar a las personas fallecidas por Covid,<\/strong>\u00a0lo cual hac\u00eda a\u00f1ares que eso no ocurr\u00eda porque se utiliza camilla. \u00abDe los hospitales y centros emergentes, la persona fallecida por Covid sale totalmente sellada y con un tratamiento de desinfecci\u00f3n total del ata\u00fad, por lo tanto no deber\u00eda haber ning\u00fan tipo de problemas en los cementerios\u00bb.<\/p>\n<p>\u00abEn localidades como Ingeniero Luiggi, Winifreda, General Acha, entre otras donde tuvimos muertes por Covid-19, no hemos expuesto al personal del cementerio y municipal, m\u00e1s all\u00e1 de que quisieron ayudarnos,<strong>\u00a0hemos decidido hacerlo nosotros encapsuldos y con nuestro personal\u00bb<\/strong>, aclar\u00f3.<\/p>\n<blockquote class=\"wp-block-quote\"><p>Por \u00faltimo Nacho Mart\u00edn dej\u00f3 en claro que\u00a0<strong>con todo el protocolo utilizado<\/strong>, \u00abel objetivo es llevar tranquilidad a las personas de que no hay ning\u00fan tipo de problemas ni riesgo de contagio en los cementerios, en los lugares donde est\u00e1n depositados los cuerpos de personas fallecidas con covid positivo\u00bb, concluy\u00f3.<\/p><\/blockquote>\n<div class=\"oasis-despues-del-contenido\" id=\"oasis-783040065\"><img loading=\"lazy\" decoding=\"async\" src=\"https:\/\/oasisfm935.com.ar\/site\/wp-content\/uploads\/2020\/08\/47806202-8741-49f2-a5c9-d2f930e5baa1.jpg\" alt=\"\"  srcset=\"https:\/\/oasisfm935.com.ar\/site\/wp-content\/uploads\/2020\/08\/47806202-8741-49f2-a5c9-d2f930e5baa1.jpg 1080w, https:\/\/oasisfm935.com.ar\/site\/wp-content\/uploads\/2020\/08\/47806202-8741-49f2-a5c9-d2f930e5baa1-300x300.jpg 300w, https:\/\/oasisfm935.com.ar\/site\/wp-content\/uploads\/2020\/08\/47806202-8741-49f2-a5c9-d2f930e5baa1-1024x1024.jpg 1024w, https:\/\/oasisfm935.com.ar\/site\/wp-content\/uploads\/2020\/08\/47806202-8741-49f2-a5c9-d2f930e5baa1-150x150.jpg 150w, https:\/\/oasisfm935.com.ar\/site\/wp-content\/uploads\/2020\/08\/47806202-8741-49f2-a5c9-d2f930e5baa1-768x768.jpg 768w\" sizes=\"(max-width: 1080px) 100vw, 1080px\" class=\"no-lazyload\" width=\"1080\" height=\"1080\"  style=\"display: inline-block;\" \/><\/div>","protected":false},"excerpt":{"rendered":"<p>Es evidente que la pandemia lo cambi\u00f3 todo, y tambi\u00e9n modific\u00f3 los protocolos de actuaci\u00f3n ante casos de muertes por coronavirus, con<\/p>\n","protected":false},"author":4,"featured_media":7838,"comment_status":"closed","ping_status":"open","sticky":false,"template":"","format":"standard","meta":{"colormag_page_layout":"default_layout","footnotes":""},"categories":[2],"tags":[],"class_list":["post-7837","post","type-post","status-publish","format-standard","has-post-thumbnail","hentry","category-noticias"],"_links":{"self":[{"href":"https:\/\/oasisfm935.com.ar\/site\/wp-json\/wp\/v2\/posts\/7837","targetHints":{"allow":["GET"]}}],"collection":[{"href":"https:\/\/oasisfm935.com.ar\/site\/wp-json\/wp\/v2\/posts"}],"about":[{"href":"https:\/\/oasisfm935.com.ar\/site\/wp-json\/wp\/v2\/types\/post"}],"author":[{"embeddable":true,"href":"https:\/\/oasisfm935.com.ar\/site\/wp-json\/wp\/v2\/users\/4"}],"replies":[{"embeddable":true,"href":"https:\/\/oasisfm935.com.ar\/site\/wp-json\/wp\/v2\/comments?post=7837"}],"version-history":[{"count":1,"href":"https:\/\/oasisfm935.com.ar\/site\/wp-json\/wp\/v2\/posts\/7837\/revisions"}],"predecessor-version":[{"id":7839,"href":"https:\/\/oasisfm935.com.ar\/site\/wp-json\/wp\/v2\/posts\/7837\/revisions\/7839"}],"wp:featuredmedia":[{"embeddable":true,"href":"https:\/\/oasisfm935.com.ar\/site\/wp-json\/wp\/v2\/media\/7838"}],"wp:attachment":[{"href":"https:\/\/oasisfm935.com.ar\/site\/wp-json\/wp\/v2\/media?parent=7837"}],"wp:term":[{"taxonomy":"category","embeddable":true,"href":"https:\/\/oasisfm935.com.ar\/site\/wp-json\/wp\/v2\/categories?post=7837"},{"taxonomy":"post_tag","embeddable":true,"href":"https:\/\/oasisfm935.com.ar\/site\/wp-json\/wp\/v2\/tags?post=7837"}],"curies":[{"name":"wp","href":"https:\/\/api.w.org\/{rel}","templated":true}]}}