{"id":7849,"date":"2020-11-02T19:18:11","date_gmt":"2020-11-02T22:18:11","guid":{"rendered":"http:\/\/oasisfm935.com\/site\/?p=7849"},"modified":"2020-11-02T19:27:50","modified_gmt":"2020-11-02T22:27:50","slug":"ingeniero-luiggi-accidente-en-la-ruta-9-no-hubo-lesionados-en-ninguno-de-los-dos-rodados","status":"publish","type":"post","link":"https:\/\/oasisfm935.com.ar\/site\/ingeniero-luiggi-accidente-en-la-ruta-9-no-hubo-lesionados-en-ninguno-de-los-dos-rodados\/","title":{"rendered":"Ingeniero Luiggi: Accidente en la ruta  9 No hubo lesionados en ninguno de los dos rodados."},"content":{"rendered":"<div dir=\"auto\"><strong>En comunicaci\u00f3n con FM OASIS el comisario de Ingeniero Luiggi dijo: En horas de la ma\u00f1ana de la fecha aproximadamente hs. 07:15, se produjo un accidente de transito, mas precisamente una colisi\u00f3n entre 2 veh\u00edculos, sobre ruta provincial 9 entre los kil\u00f3metros 48 y 49.<\/strong><\/div>\n<div dir=\"auto\"><\/div>\n<div dir=\"auto\" style=\"text-align: left\">En dicho lugar un automotor marca VOLKSWAGEN GOL, conducido por un joven de apellido QUEVEDO domiciliado en zona rural que se desplazaba de NORTE a SUR y al querer sobrepasar otro rodado que circulaba en la misma direcci\u00f3n, efect\u00faa una mala maniobra y lo colisiona en su parte trasera izquierda, terminando el rodado conducido por QUEVEDO en la banquina con serios da\u00f1os en su parte frontal derecha.<\/div>\n<div dir=\"auto\"><a href=\"http:\/\/oasisfm935.com\/site\/wp-content\/uploads\/2020\/11\/IMG-20201102-WA0020.jpg\"><img loading=\"lazy\" decoding=\"async\" class=\"alignnone size-full wp-image-7850\" src=\"http:\/\/oasisfm935.com\/site\/wp-content\/uploads\/2020\/11\/IMG-20201102-WA0020.jpg\" alt=\"\" width=\"1280\" height=\"960\" srcset=\"https:\/\/oasisfm935.com.ar\/site\/wp-content\/uploads\/2020\/11\/IMG-20201102-WA0020.jpg 1280w, https:\/\/oasisfm935.com.ar\/site\/wp-content\/uploads\/2020\/11\/IMG-20201102-WA0020-300x225.jpg 300w, https:\/\/oasisfm935.com.ar\/site\/wp-content\/uploads\/2020\/11\/IMG-20201102-WA0020-1024x768.jpg 1024w, https:\/\/oasisfm935.com.ar\/site\/wp-content\/uploads\/2020\/11\/IMG-20201102-WA0020-768x576.jpg 768w\" sizes=\"auto, (max-width: 1280px) 100vw, 1280px\" \/><\/a><\/div>\n<div dir=\"auto\"><\/div>\n<div dir=\"auto\" style=\"text-align: left\">El otro veh\u00edculo se trataba de una pick-up RENAULT OROCH, conducida por un sr. Apellidado SALAS de la localidad de Adolfo Van Praet. No hubo lesionados en ninguno de los dos rodados, solo da\u00f1os materiales en ambos veh\u00edculos.<\/div>\n<div dir=\"auto\"><a href=\"http:\/\/oasisfm935.com\/site\/wp-content\/uploads\/2020\/11\/IMG-20201102-WA0021.jpg\"><img loading=\"lazy\" decoding=\"async\" class=\"alignnone size-full wp-image-7851\" src=\"http:\/\/oasisfm935.com\/site\/wp-content\/uploads\/2020\/11\/IMG-20201102-WA0021.jpg\" alt=\"\" width=\"1280\" height=\"960\" srcset=\"https:\/\/oasisfm935.com.ar\/site\/wp-content\/uploads\/2020\/11\/IMG-20201102-WA0021.jpg 1280w, https:\/\/oasisfm935.com.ar\/site\/wp-content\/uploads\/2020\/11\/IMG-20201102-WA0021-300x225.jpg 300w, https:\/\/oasisfm935.com.ar\/site\/wp-content\/uploads\/2020\/11\/IMG-20201102-WA0021-1024x768.jpg 1024w, https:\/\/oasisfm935.com.ar\/site\/wp-content\/uploads\/2020\/11\/IMG-20201102-WA0021-768x576.jpg 768w\" sizes=\"auto, (max-width: 1280px) 100vw, 1280px\" \/><\/a><\/div>\n<div dir=\"auto\"><strong>Trabajo personal policial de la Comisar\u00eda de Ingeniero Luiggi y colaboraci\u00f3n de Bomberos Voluntarios de este medio.-<\/strong><\/div>\n<div dir=\"auto\"><a href=\"http:\/\/oasisfm935.com\/site\/wp-content\/uploads\/2020\/11\/IMG-20201102-WA0022.jpg\"><img loading=\"lazy\" decoding=\"async\" class=\"alignnone size-full wp-image-7855\" src=\"http:\/\/oasisfm935.com\/site\/wp-content\/uploads\/2020\/11\/IMG-20201102-WA0022.jpg\" alt=\"\" width=\"1280\" height=\"960\" srcset=\"https:\/\/oasisfm935.com.ar\/site\/wp-content\/uploads\/2020\/11\/IMG-20201102-WA0022.jpg 1280w, https:\/\/oasisfm935.com.ar\/site\/wp-content\/uploads\/2020\/11\/IMG-20201102-WA0022-300x225.jpg 300w, https:\/\/oasisfm935.com.ar\/site\/wp-content\/uploads\/2020\/11\/IMG-20201102-WA0022-1024x768.jpg 1024w, https:\/\/oasisfm935.com.ar\/site\/wp-content\/uploads\/2020\/11\/IMG-20201102-WA0022-768x576.jpg 768w\" sizes=\"auto, (max-width: 1280px) 100vw, 1280px\" \/><\/a><\/div>\n<div dir=\"auto\"><\/div>\n<div class=\"oasis-despues-del-contenido\" id=\"oasis-2753134366\"><img loading=\"lazy\" decoding=\"async\" src=\"https:\/\/oasisfm935.com.ar\/site\/wp-content\/uploads\/2020\/08\/47806202-8741-49f2-a5c9-d2f930e5baa1.jpg\" alt=\"\"  srcset=\"https:\/\/oasisfm935.com.ar\/site\/wp-content\/uploads\/2020\/08\/47806202-8741-49f2-a5c9-d2f930e5baa1.jpg 1080w, https:\/\/oasisfm935.com.ar\/site\/wp-content\/uploads\/2020\/08\/47806202-8741-49f2-a5c9-d2f930e5baa1-300x300.jpg 300w, https:\/\/oasisfm935.com.ar\/site\/wp-content\/uploads\/2020\/08\/47806202-8741-49f2-a5c9-d2f930e5baa1-1024x1024.jpg 1024w, https:\/\/oasisfm935.com.ar\/site\/wp-content\/uploads\/2020\/08\/47806202-8741-49f2-a5c9-d2f930e5baa1-150x150.jpg 150w, https:\/\/oasisfm935.com.ar\/site\/wp-content\/uploads\/2020\/08\/47806202-8741-49f2-a5c9-d2f930e5baa1-768x768.jpg 768w\" sizes=\"(max-width: 1080px) 100vw, 1080px\" class=\"no-lazyload\" width=\"1080\" height=\"1080\"  style=\"display: inline-block;\" \/><\/div>","protected":false},"excerpt":{"rendered":"<p>En comunicaci\u00f3n con FM OASIS el comisario de Ingeniero Luiggi dijo: En horas de la ma\u00f1ana de la fecha aproximadamente hs. 07:15,<\/p>\n","protected":false},"author":4,"featured_media":7852,"comment_status":"closed","ping_status":"open","sticky":false,"template":"","format":"standard","meta":{"colormag_page_layout":"default_layout","footnotes":""},"categories":[2],"tags":[],"class_list":["post-7849","post","type-post","status-publish","format-standard","has-post-thumbnail","hentry","category-noticias"],"_links":{"self":[{"href":"https:\/\/oasisfm935.com.ar\/site\/wp-json\/wp\/v2\/posts\/7849","targetHints":{"allow":["GET"]}}],"collection":[{"href":"https:\/\/oasisfm935.com.ar\/site\/wp-json\/wp\/v2\/posts"}],"about":[{"href":"https:\/\/oasisfm935.com.ar\/site\/wp-json\/wp\/v2\/types\/post"}],"author":[{"embeddable":true,"href":"https:\/\/oasisfm935.com.ar\/site\/wp-json\/wp\/v2\/users\/4"}],"replies":[{"embeddable":true,"href":"https:\/\/oasisfm935.com.ar\/site\/wp-json\/wp\/v2\/comments?post=7849"}],"version-history":[{"count":4,"href":"https:\/\/oasisfm935.com.ar\/site\/wp-json\/wp\/v2\/posts\/7849\/revisions"}],"predecessor-version":[{"id":7858,"href":"https:\/\/oasisfm935.com.ar\/site\/wp-json\/wp\/v2\/posts\/7849\/revisions\/7858"}],"wp:featuredmedia":[{"embeddable":true,"href":"https:\/\/oasisfm935.com.ar\/site\/wp-json\/wp\/v2\/media\/7852"}],"wp:attachment":[{"href":"https:\/\/oasisfm935.com.ar\/site\/wp-json\/wp\/v2\/media?parent=7849"}],"wp:term":[{"taxonomy":"category","embeddable":true,"href":"https:\/\/oasisfm935.com.ar\/site\/wp-json\/wp\/v2\/categories?post=7849"},{"taxonomy":"post_tag","embeddable":true,"href":"https:\/\/oasisfm935.com.ar\/site\/wp-json\/wp\/v2\/tags?post=7849"}],"curies":[{"name":"wp","href":"https:\/\/api.w.org\/{rel}","templated":true}]}}