{"id":7865,"date":"2020-11-02T20:47:13","date_gmt":"2020-11-02T23:47:13","guid":{"rendered":"http:\/\/oasisfm935.com\/site\/?p=7865"},"modified":"2020-11-02T20:47:13","modified_gmt":"2020-11-02T23:47:13","slug":"covid-19-este-lunes-confirman-87-nuevos-casos-en-la-pampa","status":"publish","type":"post","link":"https:\/\/oasisfm935.com.ar\/site\/covid-19-este-lunes-confirman-87-nuevos-casos-en-la-pampa\/","title":{"rendered":"COVID-19: ESTE LUNES CONFIRMAN 87 NUEVOS CASOS EN LA PAMPA"},"content":{"rendered":"<div>\n<p>De ese total, 68 eran contactos estrechos y 19 contin\u00faan en investigaci\u00f3n epidemiol\u00f3gica. En la capital pampeana se reportaron 45 positivos. Hay 9.320 personas aisladas.<\/p>\n<p>Adem\u00e1s de las cuatro muertes, que elev\u00f3 el n\u00famero a 37 v\u00edctimas fatales desde que se desat\u00f3 la pandemia del coronavirus, La Pampa sum\u00f3 este lunes otros 87 casos positivos.<\/p>\n<p>Seg\u00fan inform\u00f3 el Ministerio de Salud, el dato surge del procesamiento de 241 muestras analizadas en los laboratorios de la Direcci\u00f3n de Epidemiolog\u00eda y de los hospitales Gobernador Centeno y Lucio Molas.<\/p>\n<p>Santa Rosa volvi\u00f3 a concentrar el mayor n\u00famero de los nuevos contagios: 45. Adem\u00e1s, hubo otros 11 en Macach\u00edn, 8 en Quem\u00fa Quem\u00fa, 5 en General Pico, 4 de Guatrach\u00e9, 4 en Castex, 2 en Embajador Martini, 2 en Victorica, 2 en Trenel, 1 en Toay, 1 en Acha, 1 en Realic\u00f3 y 1 en Anguil.<\/p>\n<p>\u201cDe los 87 casos confirmados en la tarde de hoy, 68 se encontraban aislados por ser considerados contactos estrechos, mientras que 19 casos contin\u00faan en investigaci\u00f3n epidemiol\u00f3gica\u201d, aclar\u00f3 el informe sanitario.<\/p>\n<p>1.182 casos activos<\/p>\n<p>Desde el inicio de la pandemia, en la provincia se registraron un total 3.441 casos positivos: 1.182 permanecen activos, 37 fallecieron y 2.222 ya se recuperaron, entre estos \u00faltimos se encuentran, 42 personas de Santa Rosa, 47 de General Pico, 7 de Victorica, 5 de Realic\u00f3, 4 de Catril\u00f3, 3 de Toay, 2 de Castex, 2 de Anguil, 1 de Algarrobo del Aguila, 1 de Uriburu que recibieron el alta en la jornada de este lunes.<\/p>\n<p>Los casos confirmados activos est\u00e1n distribuidos de la siguiente manera: 609 en la ciudad de Santa Rosa, 217 en General Pico, 63 en Toay, 46 en Castex, 35 en 25 de mayo, 30 en Realic\u00f3, 32 en Macach\u00edn, 16 en Victorica, 21 en Quem\u00fa Quem\u00fa, 10 en Catril\u00f3, 8 en Trenel, 11 en La Maruja, 7 en La Adela, 10 en General Campos, 11 en Guatrach\u00e9, 3 en Cohello, 4 en Ataliva Roca, 3 en Caleuf\u00fa, 3 en Santa Teresa, 2 en Uriburu, 3 en Luiggi, 3 en Winifreda, 2 en General Acha ,2 en Alpachiri, 1 en Anguil, 3 en Doblas, 3 en La Humada, 5 en Embajador Martini, 1 en Lonquimay, 1 en Speluzzi, 1 en Colonia Bar\u00f3n, 1 en Santa Isabel, 3 en Ojeda, 1 en Tril\u00ed, 1 en Alta Italia, 1 en Mauricio Mayer, 1 en Quehu\u00e9, 2 en Limay Mahuida, 5 en Santa Mar\u00eda y 1 en Puel\u00e9n.<\/p>\n<p>Hasta este lunes, se encuentran aisladas un total de 9.320 personas en toda la provincia.<\/p>\n<p>Adem\u00e1s, hay 62 personas internadas. De ese total, 19 est\u00e1n en General Pico -13 en modulares y 6 en terapia intensiva- y otros 37 en Santa Rosa, 15 de ellas en cl\u00ednica m\u00e9dica, 11 en terapia intensiva y 11 en modulares.<\/p>\n<p>En el Hospital Evita de Santa Rosa hay 4 personas internadas en cl\u00ednica m\u00e9dica. En el Hospital de Victorica 1 internado en cl\u00ednica medica. En el Hospital de la localidad de Realico 1 persona en cl\u00ednica m\u00e9dica.<\/p>\n<\/div>\n<div class=\"col-12 text-right share-btns\"><i class=\"fab fa-facebook-f\" aria-hidden=\"true\"><\/i>\u00a0<i class=\"fab fa-twitter\" aria-hidden=\"true\"><\/i>\u00a0<i class=\"fab fa-whatsapp\" aria-hidden=\"true\"><\/i><\/div>\n<div class=\"oasis-despues-del-contenido\" id=\"oasis-978896328\"><img loading=\"lazy\" decoding=\"async\" src=\"https:\/\/oasisfm935.com.ar\/site\/wp-content\/uploads\/2020\/08\/47806202-8741-49f2-a5c9-d2f930e5baa1.jpg\" alt=\"\"  srcset=\"https:\/\/oasisfm935.com.ar\/site\/wp-content\/uploads\/2020\/08\/47806202-8741-49f2-a5c9-d2f930e5baa1.jpg 1080w, https:\/\/oasisfm935.com.ar\/site\/wp-content\/uploads\/2020\/08\/47806202-8741-49f2-a5c9-d2f930e5baa1-300x300.jpg 300w, https:\/\/oasisfm935.com.ar\/site\/wp-content\/uploads\/2020\/08\/47806202-8741-49f2-a5c9-d2f930e5baa1-1024x1024.jpg 1024w, https:\/\/oasisfm935.com.ar\/site\/wp-content\/uploads\/2020\/08\/47806202-8741-49f2-a5c9-d2f930e5baa1-150x150.jpg 150w, https:\/\/oasisfm935.com.ar\/site\/wp-content\/uploads\/2020\/08\/47806202-8741-49f2-a5c9-d2f930e5baa1-768x768.jpg 768w\" sizes=\"(max-width: 1080px) 100vw, 1080px\" class=\"no-lazyload\" width=\"1080\" height=\"1080\"  style=\"display: inline-block;\" \/><\/div>","protected":false},"excerpt":{"rendered":"<p>De ese total, 68 eran contactos estrechos y 19 contin\u00faan en investigaci\u00f3n epidemiol\u00f3gica. En la capital pampeana se reportaron 45 positivos. Hay<\/p>\n","protected":false},"author":4,"featured_media":7866,"comment_status":"closed","ping_status":"open","sticky":false,"template":"","format":"standard","meta":{"colormag_page_layout":"default_layout","footnotes":""},"categories":[2],"tags":[],"class_list":["post-7865","post","type-post","status-publish","format-standard","has-post-thumbnail","hentry","category-noticias"],"_links":{"self":[{"href":"https:\/\/oasisfm935.com.ar\/site\/wp-json\/wp\/v2\/posts\/7865","targetHints":{"allow":["GET"]}}],"collection":[{"href":"https:\/\/oasisfm935.com.ar\/site\/wp-json\/wp\/v2\/posts"}],"about":[{"href":"https:\/\/oasisfm935.com.ar\/site\/wp-json\/wp\/v2\/types\/post"}],"author":[{"embeddable":true,"href":"https:\/\/oasisfm935.com.ar\/site\/wp-json\/wp\/v2\/users\/4"}],"replies":[{"embeddable":true,"href":"https:\/\/oasisfm935.com.ar\/site\/wp-json\/wp\/v2\/comments?post=7865"}],"version-history":[{"count":1,"href":"https:\/\/oasisfm935.com.ar\/site\/wp-json\/wp\/v2\/posts\/7865\/revisions"}],"predecessor-version":[{"id":7867,"href":"https:\/\/oasisfm935.com.ar\/site\/wp-json\/wp\/v2\/posts\/7865\/revisions\/7867"}],"wp:featuredmedia":[{"embeddable":true,"href":"https:\/\/oasisfm935.com.ar\/site\/wp-json\/wp\/v2\/media\/7866"}],"wp:attachment":[{"href":"https:\/\/oasisfm935.com.ar\/site\/wp-json\/wp\/v2\/media?parent=7865"}],"wp:term":[{"taxonomy":"category","embeddable":true,"href":"https:\/\/oasisfm935.com.ar\/site\/wp-json\/wp\/v2\/categories?post=7865"},{"taxonomy":"post_tag","embeddable":true,"href":"https:\/\/oasisfm935.com.ar\/site\/wp-json\/wp\/v2\/tags?post=7865"}],"curies":[{"name":"wp","href":"https:\/\/api.w.org\/{rel}","templated":true}]}}