{"id":7869,"date":"2020-11-03T12:52:13","date_gmt":"2020-11-03T15:52:13","guid":{"rendered":"http:\/\/oasisfm935.com\/site\/?p=7869"},"modified":"2020-11-03T12:53:28","modified_gmt":"2020-11-03T15:53:28","slug":"7869-2","status":"publish","type":"post","link":"https:\/\/oasisfm935.com.ar\/site\/7869-2\/","title":{"rendered":"Estrenaron parte de las renovaciones del cementerio de Ing. Luiggi"},"content":{"rendered":"<p>En el marco del d\u00eda de los santos y difuntos, el Gobierno Local de Ingeniero Luiggi, present\u00f3 las renovaciones del cementerio local, donde se ofici\u00f3 una misa ayer por la tarde.<\/p>\n<p>Este 2 de noviembre, se celebr\u00f3 la Santa misa por los fieles difuntos en el cementerio local a cargo de Fray Marcos.<\/p>\n<p>Previa bendici\u00f3n de la remodelaci\u00f3n de la Capilla y de la entronizaci\u00f3n de la Cruz Mayor, s\u00edmbolos universales que representan a la religi\u00f3n cristiana y adquieren mucha significaci\u00f3n en este d\u00eda.<\/p>\n<p><img decoding=\"async\" src=\"https:\/\/zonalnoticias.com\/wp-content\/uploads\/2020\/11\/obra-sementerio-de-luiggi-inauguracion-1.jpg\" \/><\/p>\n<p>Esto es parte del proyecto de remodelaci\u00f3n y puesta en valor del Cementerio Municipal.<\/p>\n<p>Adem\u00e1s tanto el 1 y el 2, la municipalidad organiz\u00f3 un cronograma respetando los protocolos para trasladar a las personas desde distintos puntos del casco urbano hasta el cementerio.<\/p>\n<blockquote class=\"wp-block-quote\"><p>\u201cRespecto a las obras, se trabaj\u00f3 en la puesta en valor y reacondicionamiento de este lugar. A lo largo de toda la extensi\u00f3n de la obra estuvimos realizando infraestructura, extensi\u00f3n de red de agua y energ\u00eda el\u00e9ctrica, pintura, reforestaci\u00f3n. El resultado es brindar un espacio renovado y recuperado por donde transitan nuestros vecinos y vecinas,\u201d explicaron desde el municipio luiggense.<\/p>\n<blockquote class=\"wp-block-quote\"><p>\u201cRespecto a las obras, se trabaj\u00f3 en la puesta en valor y reacondicionamiento de este lugar. A lo largo de toda la extensi\u00f3n de la obra estuvimos realizando infraestructura, extensi\u00f3n de red de agua y energ\u00eda el\u00e9ctrica, pintura, reforestaci\u00f3n. El resultado es brindar un espacio renovado y recuperado por donde transitan nuestros vecinos y vecinas,\u201d explicaron desde el municipio luiggense.<\/p>\n<p>Zonal Noticias<\/p><\/blockquote>\n<\/blockquote>\n<div class=\"oasis-despues-del-contenido\" id=\"oasis-1602173841\"><img loading=\"lazy\" decoding=\"async\" src=\"https:\/\/oasisfm935.com.ar\/site\/wp-content\/uploads\/2020\/08\/47806202-8741-49f2-a5c9-d2f930e5baa1.jpg\" alt=\"\"  srcset=\"https:\/\/oasisfm935.com.ar\/site\/wp-content\/uploads\/2020\/08\/47806202-8741-49f2-a5c9-d2f930e5baa1.jpg 1080w, https:\/\/oasisfm935.com.ar\/site\/wp-content\/uploads\/2020\/08\/47806202-8741-49f2-a5c9-d2f930e5baa1-300x300.jpg 300w, https:\/\/oasisfm935.com.ar\/site\/wp-content\/uploads\/2020\/08\/47806202-8741-49f2-a5c9-d2f930e5baa1-1024x1024.jpg 1024w, https:\/\/oasisfm935.com.ar\/site\/wp-content\/uploads\/2020\/08\/47806202-8741-49f2-a5c9-d2f930e5baa1-150x150.jpg 150w, https:\/\/oasisfm935.com.ar\/site\/wp-content\/uploads\/2020\/08\/47806202-8741-49f2-a5c9-d2f930e5baa1-768x768.jpg 768w\" sizes=\"(max-width: 1080px) 100vw, 1080px\" class=\"no-lazyload\" width=\"1080\" height=\"1080\"  style=\"display: inline-block;\" \/><\/div>","protected":false},"excerpt":{"rendered":"<p>En el marco del d\u00eda de los santos y difuntos, el Gobierno Local de Ingeniero Luiggi, present\u00f3 las renovaciones del cementerio local,<\/p>\n","protected":false},"author":4,"featured_media":7870,"comment_status":"closed","ping_status":"open","sticky":false,"template":"","format":"standard","meta":{"colormag_page_layout":"default_layout","footnotes":""},"categories":[2],"tags":[],"class_list":["post-7869","post","type-post","status-publish","format-standard","has-post-thumbnail","hentry","category-noticias"],"_links":{"self":[{"href":"https:\/\/oasisfm935.com.ar\/site\/wp-json\/wp\/v2\/posts\/7869","targetHints":{"allow":["GET"]}}],"collection":[{"href":"https:\/\/oasisfm935.com.ar\/site\/wp-json\/wp\/v2\/posts"}],"about":[{"href":"https:\/\/oasisfm935.com.ar\/site\/wp-json\/wp\/v2\/types\/post"}],"author":[{"embeddable":true,"href":"https:\/\/oasisfm935.com.ar\/site\/wp-json\/wp\/v2\/users\/4"}],"replies":[{"embeddable":true,"href":"https:\/\/oasisfm935.com.ar\/site\/wp-json\/wp\/v2\/comments?post=7869"}],"version-history":[{"count":2,"href":"https:\/\/oasisfm935.com.ar\/site\/wp-json\/wp\/v2\/posts\/7869\/revisions"}],"predecessor-version":[{"id":7872,"href":"https:\/\/oasisfm935.com.ar\/site\/wp-json\/wp\/v2\/posts\/7869\/revisions\/7872"}],"wp:featuredmedia":[{"embeddable":true,"href":"https:\/\/oasisfm935.com.ar\/site\/wp-json\/wp\/v2\/media\/7870"}],"wp:attachment":[{"href":"https:\/\/oasisfm935.com.ar\/site\/wp-json\/wp\/v2\/media?parent=7869"}],"wp:term":[{"taxonomy":"category","embeddable":true,"href":"https:\/\/oasisfm935.com.ar\/site\/wp-json\/wp\/v2\/categories?post=7869"},{"taxonomy":"post_tag","embeddable":true,"href":"https:\/\/oasisfm935.com.ar\/site\/wp-json\/wp\/v2\/tags?post=7869"}],"curies":[{"name":"wp","href":"https:\/\/api.w.org\/{rel}","templated":true}]}}