{"id":7874,"date":"2020-11-03T19:10:03","date_gmt":"2020-11-03T22:10:03","guid":{"rendered":"http:\/\/oasisfm935.com\/site\/?p=7874"},"modified":"2020-11-03T19:10:03","modified_gmt":"2020-11-03T22:10:03","slug":"intenso-trabajo-de-bomberos-de-ing-luiggi-caleufu-arata-con-el-apoyo-de-personal-de-defensa-civil-para-controlar-un-incendio-de-monte-al-sur-de-caleufu","status":"publish","type":"post","link":"https:\/\/oasisfm935.com.ar\/site\/intenso-trabajo-de-bomberos-de-ing-luiggi-caleufu-arata-con-el-apoyo-de-personal-de-defensa-civil-para-controlar-un-incendio-de-monte-al-sur-de-caleufu\/","title":{"rendered":"Intenso trabajo de bomberos de Ing Luiggi, Caleuf\u00fa, Arata con el apoyo de personal de Defensa Civil para controlar un incendio de monte al sur de Caleuf\u00fa."},"content":{"rendered":"<p>El subjefe de Bomberos de Ingeniero Luiggi, Sebasti\u00e1n Hamdan, dialog\u00f3 con<strong>\u00a0Zonal Noticias<\/strong>\u00a0acerca de este incendio de monte de grandes dimnesiones que se origin\u00f3 alrededor del mediod\u00eda del lunes y donde los bomberos de tres cuarteles de la zona junto a Defensa Civil estuvieron trabajando hasta bien entrada la noche.<\/p>\n<p>Hamdan explic\u00f3 que los bomberos partieron a las 13.30\u00a0 del lunes y a las 22 a\u00fan no hab\u00edan regresado al cuartel.<\/p>\n<p>\u201cLa verdad que fue un incendio bastante complicado porque las condiciones clim\u00e1ticas no favorecieron para nada el trabajo de los bomberos, las altas temperaturas y el material combustible del lugar que realmente est\u00e1 muy seco a pesar de las lluvias de los \u00faltimos d\u00edas, complic\u00f3 la situaci\u00f3n.<\/p>\n<p>Trabajaron bomberos voluntarios de Ingeniero Luiggi, Caleuf\u00fa, Arata con el apoyo de personal de Defensa Civil.<\/p>\n<p><strong>En el lugar se quemaron unas 800 hect\u00e1reas de monte de variadas especies, entre ellas algunas de cald\u00e9n<\/strong>.<\/p>\n<p><img decoding=\"async\" src=\"https:\/\/zonalnoticias.com\/wp-content\/uploads\/2020\/11\/incendio-caleufu-croqui.png\" \/><\/p>\n<p><strong>\u201cTen\u00edamos preparada una dotaci\u00f3n para que vayan a hacer el relevo, pero finalmente lograron concluir el trabajo, en una zona de mucho monte, muy tupido asique tuvieron una tarea bastante importante que hacer\u201d,\u00a0<\/strong>explic\u00f3.<\/p>\n<p>En el caso de Ingeniero Luiggi, asisti\u00f3 la Dodge Ram que est\u00e1 equipada con el kit forestal y unos cuatro bomberos, en total trabajaron alrededor de 15 bomberos.<\/p>\n<p><strong>\u201cLos pron\u00f3sticos no son nada alentadores en relaci\u00f3n a los vientos, asique la urgencia de los bomberos era poder controlar por completo el fuego lo antes posible\u201d<\/strong>, se\u00f1al\u00f3.<\/p>\n<p>En este sentido \u00a0Hamdan destac\u00f3 \u00a0\u201cestamos en una situaci\u00f3n complicada porque tenemos pron\u00f3sticos a largo plazo que env\u00eda Defensa Civil que dan cuenta que \u00a0no habr\u00e1 lluvias de ac\u00e1 a fin de a\u00f1o o que las mismas ser\u00e1n escasas y que llegar\u00edan despu\u00e9s del mes de marzo de 2021\u201d.<\/p>\n<div class=\"oasis-despues-del-contenido\" id=\"oasis-2894874060\"><img loading=\"lazy\" decoding=\"async\" src=\"https:\/\/oasisfm935.com.ar\/site\/wp-content\/uploads\/2020\/08\/47806202-8741-49f2-a5c9-d2f930e5baa1.jpg\" alt=\"\"  srcset=\"https:\/\/oasisfm935.com.ar\/site\/wp-content\/uploads\/2020\/08\/47806202-8741-49f2-a5c9-d2f930e5baa1.jpg 1080w, https:\/\/oasisfm935.com.ar\/site\/wp-content\/uploads\/2020\/08\/47806202-8741-49f2-a5c9-d2f930e5baa1-300x300.jpg 300w, https:\/\/oasisfm935.com.ar\/site\/wp-content\/uploads\/2020\/08\/47806202-8741-49f2-a5c9-d2f930e5baa1-1024x1024.jpg 1024w, https:\/\/oasisfm935.com.ar\/site\/wp-content\/uploads\/2020\/08\/47806202-8741-49f2-a5c9-d2f930e5baa1-150x150.jpg 150w, https:\/\/oasisfm935.com.ar\/site\/wp-content\/uploads\/2020\/08\/47806202-8741-49f2-a5c9-d2f930e5baa1-768x768.jpg 768w\" sizes=\"(max-width: 1080px) 100vw, 1080px\" class=\"no-lazyload\" width=\"1080\" height=\"1080\"  style=\"display: inline-block;\" \/><\/div>","protected":false},"excerpt":{"rendered":"<p>El subjefe de Bomberos de Ingeniero Luiggi, Sebasti\u00e1n Hamdan, dialog\u00f3 con\u00a0Zonal Noticias\u00a0acerca de este incendio de monte de grandes dimnesiones que se<\/p>\n","protected":false},"author":4,"featured_media":7875,"comment_status":"closed","ping_status":"open","sticky":false,"template":"","format":"standard","meta":{"colormag_page_layout":"default_layout","footnotes":""},"categories":[2],"tags":[],"class_list":["post-7874","post","type-post","status-publish","format-standard","has-post-thumbnail","hentry","category-noticias"],"_links":{"self":[{"href":"https:\/\/oasisfm935.com.ar\/site\/wp-json\/wp\/v2\/posts\/7874","targetHints":{"allow":["GET"]}}],"collection":[{"href":"https:\/\/oasisfm935.com.ar\/site\/wp-json\/wp\/v2\/posts"}],"about":[{"href":"https:\/\/oasisfm935.com.ar\/site\/wp-json\/wp\/v2\/types\/post"}],"author":[{"embeddable":true,"href":"https:\/\/oasisfm935.com.ar\/site\/wp-json\/wp\/v2\/users\/4"}],"replies":[{"embeddable":true,"href":"https:\/\/oasisfm935.com.ar\/site\/wp-json\/wp\/v2\/comments?post=7874"}],"version-history":[{"count":1,"href":"https:\/\/oasisfm935.com.ar\/site\/wp-json\/wp\/v2\/posts\/7874\/revisions"}],"predecessor-version":[{"id":7876,"href":"https:\/\/oasisfm935.com.ar\/site\/wp-json\/wp\/v2\/posts\/7874\/revisions\/7876"}],"wp:featuredmedia":[{"embeddable":true,"href":"https:\/\/oasisfm935.com.ar\/site\/wp-json\/wp\/v2\/media\/7875"}],"wp:attachment":[{"href":"https:\/\/oasisfm935.com.ar\/site\/wp-json\/wp\/v2\/media?parent=7874"}],"wp:term":[{"taxonomy":"category","embeddable":true,"href":"https:\/\/oasisfm935.com.ar\/site\/wp-json\/wp\/v2\/categories?post=7874"},{"taxonomy":"post_tag","embeddable":true,"href":"https:\/\/oasisfm935.com.ar\/site\/wp-json\/wp\/v2\/tags?post=7874"}],"curies":[{"name":"wp","href":"https:\/\/api.w.org\/{rel}","templated":true}]}}