{"id":7894,"date":"2020-11-04T19:14:53","date_gmt":"2020-11-04T22:14:53","guid":{"rendered":"http:\/\/oasisfm935.com\/site\/?p=7894"},"modified":"2020-11-04T19:14:53","modified_gmt":"2020-11-04T22:14:53","slug":"auh-cuales-son-los-nuevos-requisitos-para-poder-cobrar-el-beneficio","status":"publish","type":"post","link":"https:\/\/oasisfm935.com.ar\/site\/auh-cuales-son-los-nuevos-requisitos-para-poder-cobrar-el-beneficio\/","title":{"rendered":"AUH: Cuales son los nuevos requisitos para poder cobrar el beneficio"},"content":{"rendered":"<p>Se public\u00f3 hoy en el Bolet\u00edn Oficial el Decreto 840\/2020. El mismo modifica los requisitos para acceder a la Asignaci\u00f3n Universal por Hijo (AUH).\u00a0 A continuaci\u00f3n, el fragmento donde se especifican las nuevas condiciones:<\/p>\n<p class=\"x_MsoNormal\"><i>ART\u00cdCULO 2\u00b0.- Sustituyese el art\u00edculo 14 ter de la Ley N\u00ba 24.714 y sus modificatorias, el cual quedar\u00e1 redactado de la siguiente forma:<\/i><\/p>\n<p class=\"x_MsoNormal\"><i>\u00a0<\/i><\/p>\n<p class=\"x_MsoNormal\"><i>\u00abART\u00cdCULO 14 ter.- Para acceder a la Asignaci\u00f3n Universal por Hijo para Protecci\u00f3n Social, se requerir\u00e1:<\/i><\/p>\n<p class=\"x_MsoNormal\">\n<p class=\"x_MsoNormal\"><i>A.\u00a0\u00a0\u00a0\u00a0<\/i><i>Que la ni\u00f1a, el ni\u00f1o, adolescente y\/o la persona con discapacidad sea argentino o argentina nativo o nativa, naturalizado o naturalizada o por opci\u00f3n. Cuando la ni\u00f1a, el ni\u00f1o, adolescente y\/o la persona con discapacidad y sus progenitores o sus progenitoras o las personas que los o las tengan a cargo sean extranjeros o extranjeras, deber\u00e1n acreditar tanto la ni\u00f1a, el ni\u00f1o, adolescente y\/o la persona con discapacidad como \u00e9l o la titular que percibir\u00e1 la Asignaci\u00f3n, DOS (2) a\u00f1os de residencia legal en el pa\u00eds.<\/i><\/p>\n<p class=\"x_MsoNormal\"><i>\u00a0<\/i><\/p>\n<p class=\"x_MsoNormal\"><i>B.\u00a0\u00a0\u00a0\u00a0<\/i><i>Acreditar la identidad del o de la titular del beneficio y de la ni\u00f1a, del ni\u00f1o, adolescente y\/o persona con discapacidad, mediante Documento Nacional de Identidad.<\/i><\/p>\n<p class=\"x_MsoNormal\"><i>\u00a0<\/i><\/p>\n<p class=\"x_MsoNormal\"><i>C.\u00a0\u00a0\u00a0<\/i><i>Acreditar que la persona que percibir\u00e1 el beneficio tiene a su cargo a la ni\u00f1a, al ni\u00f1o, adolescente y\/o persona con discapacidad, en funci\u00f3n de las disposiciones del C\u00f3digo Civil y Comercial de la Naci\u00f3n y de conformidad con la documentaci\u00f3n que la ADMINISTRACI\u00d3N NACIONAL DE LA SEGURIDAD SOCIAL (ANSES) disponga a estos fines.<\/i><\/p>\n<p class=\"x_MsoNormal\"><i>\u00a0<\/i><\/p>\n<p class=\"x_MsoNormal\"><i>D.\u00a0\u00a0\u00a0<\/i><i>La acreditaci\u00f3n de la condici\u00f3n de discapacidad ser\u00e1 determinada en los t\u00e9rminos del art\u00edculo 2\u00ba de la Ley N\u00ba 22.431, certificada por autoridad competente.<\/i><\/p>\n<p class=\"x_MsoNormal\"><i>\u00a0<\/i><\/p>\n<p class=\"x_MsoNormal\"><i>E.\u00a0\u00a0\u00a0\u00a0<\/i><i>Hasta los CUATRO (4) a\u00f1os de edad -inclusive-, deber\u00e1 acreditarse el cumplimiento de los controles sanitarios y del plan de vacunaci\u00f3n obligatorio. Desde los CINCO (5) a\u00f1os de edad y hasta los DIECIOCHO (18) a\u00f1os, deber\u00e1 acreditarse adem\u00e1s la concurrencia de las ni\u00f1as, los ni\u00f1os y adolescentes obligatoriamente a establecimientos educativos p\u00fablicos.<\/i><\/p>\n<p class=\"x_MsoNormal\"><i>\u00a0<\/i><\/p>\n<p class=\"x_MsoNormal\"><i>F.\u00a0\u00a0\u00a0\u00a0<\/i><i>Acreditar que \u00e9l o la titular del beneficio y la ni\u00f1a, el ni\u00f1o, adolescente y\/o persona con discapacidad residen en el pa\u00eds\u00bb.<\/i><\/p>\n<p class=\"x_MsoNormal\"><i><span lang=\"ES-TRAD\">\u00a0<\/span><\/i><\/p>\n<p class=\"x_MsoNormal\"><b><span lang=\"ES-TRAD\">Para m\u00e1s informaci\u00f3n consultar el Decreto:\u00a0<a id=\"LPlnk568867\" href=\"https:\/\/bit.ly\/34ZAELz\" target=\"_blank\" rel=\"noopener noreferrer\" data-auth=\"NotApplicable\">https:\/\/bit.ly\/34ZAELz<\/a>.<\/span><\/b><\/p>\n<p class=\"x_MsoNormal\"><b><span lang=\"ES-TRAD\">\u00a0<\/span><\/b><\/p>\n<div class=\"oasis-despues-del-contenido\" id=\"oasis-2189130576\"><img loading=\"lazy\" decoding=\"async\" src=\"https:\/\/oasisfm935.com.ar\/site\/wp-content\/uploads\/2020\/08\/47806202-8741-49f2-a5c9-d2f930e5baa1.jpg\" alt=\"\"  srcset=\"https:\/\/oasisfm935.com.ar\/site\/wp-content\/uploads\/2020\/08\/47806202-8741-49f2-a5c9-d2f930e5baa1.jpg 1080w, https:\/\/oasisfm935.com.ar\/site\/wp-content\/uploads\/2020\/08\/47806202-8741-49f2-a5c9-d2f930e5baa1-300x300.jpg 300w, https:\/\/oasisfm935.com.ar\/site\/wp-content\/uploads\/2020\/08\/47806202-8741-49f2-a5c9-d2f930e5baa1-1024x1024.jpg 1024w, https:\/\/oasisfm935.com.ar\/site\/wp-content\/uploads\/2020\/08\/47806202-8741-49f2-a5c9-d2f930e5baa1-150x150.jpg 150w, https:\/\/oasisfm935.com.ar\/site\/wp-content\/uploads\/2020\/08\/47806202-8741-49f2-a5c9-d2f930e5baa1-768x768.jpg 768w\" sizes=\"(max-width: 1080px) 100vw, 1080px\" class=\"no-lazyload\" width=\"1080\" height=\"1080\"  style=\"display: inline-block;\" \/><\/div>","protected":false},"excerpt":{"rendered":"<p>Se public\u00f3 hoy en el Bolet\u00edn Oficial el Decreto 840\/2020. El mismo modifica los requisitos para acceder a la Asignaci\u00f3n Universal por<\/p>\n","protected":false},"author":4,"featured_media":7895,"comment_status":"closed","ping_status":"open","sticky":false,"template":"","format":"standard","meta":{"colormag_page_layout":"default_layout","footnotes":""},"categories":[2],"tags":[],"class_list":["post-7894","post","type-post","status-publish","format-standard","has-post-thumbnail","hentry","category-noticias"],"_links":{"self":[{"href":"https:\/\/oasisfm935.com.ar\/site\/wp-json\/wp\/v2\/posts\/7894","targetHints":{"allow":["GET"]}}],"collection":[{"href":"https:\/\/oasisfm935.com.ar\/site\/wp-json\/wp\/v2\/posts"}],"about":[{"href":"https:\/\/oasisfm935.com.ar\/site\/wp-json\/wp\/v2\/types\/post"}],"author":[{"embeddable":true,"href":"https:\/\/oasisfm935.com.ar\/site\/wp-json\/wp\/v2\/users\/4"}],"replies":[{"embeddable":true,"href":"https:\/\/oasisfm935.com.ar\/site\/wp-json\/wp\/v2\/comments?post=7894"}],"version-history":[{"count":1,"href":"https:\/\/oasisfm935.com.ar\/site\/wp-json\/wp\/v2\/posts\/7894\/revisions"}],"predecessor-version":[{"id":7896,"href":"https:\/\/oasisfm935.com.ar\/site\/wp-json\/wp\/v2\/posts\/7894\/revisions\/7896"}],"wp:featuredmedia":[{"embeddable":true,"href":"https:\/\/oasisfm935.com.ar\/site\/wp-json\/wp\/v2\/media\/7895"}],"wp:attachment":[{"href":"https:\/\/oasisfm935.com.ar\/site\/wp-json\/wp\/v2\/media?parent=7894"}],"wp:term":[{"taxonomy":"category","embeddable":true,"href":"https:\/\/oasisfm935.com.ar\/site\/wp-json\/wp\/v2\/categories?post=7894"},{"taxonomy":"post_tag","embeddable":true,"href":"https:\/\/oasisfm935.com.ar\/site\/wp-json\/wp\/v2\/tags?post=7894"}],"curies":[{"name":"wp","href":"https:\/\/api.w.org\/{rel}","templated":true}]}}