{"id":7898,"date":"2020-11-04T19:45:56","date_gmt":"2020-11-04T22:45:56","guid":{"rendered":"http:\/\/oasisfm935.com\/site\/?p=7898"},"modified":"2020-11-04T19:47:53","modified_gmt":"2020-11-04T22:47:53","slug":"ingeniero-luiggi-quedo-terminada-la-obra-del-arreglo-del-tapial-de-la-escuela-no-76-para-mayor-seguridad-de-todos","status":"publish","type":"post","link":"https:\/\/oasisfm935.com.ar\/site\/ingeniero-luiggi-quedo-terminada-la-obra-del-arreglo-del-tapial-de-la-escuela-no-76-para-mayor-seguridad-de-todos\/","title":{"rendered":"Ingeniero Luiggi: Qued\u00f3 terminada la obra del arreglo del tapial de la escuela N\u00ba 76, para mayor seguridad de todos."},"content":{"rendered":"<p>La Escuela numero 76 de Ingeniero Luiggi quiere agradecer a la colaboraci\u00f3n de muchas personas. Qued\u00f3 terminada la obra del arreglo del tapial de nuestra escuela, para mayor seguridad de todos.<\/p>\n<p>Desde la instituci\u00f3n agradecieron Daniel Gil ( padre de un alumno), quien junto con sus empleados, colabor\u00f3 de manera desinteresada con el arreglo de las rejas, pintura de las mismas y del tapial.<\/p>\n<p><img decoding=\"async\" src=\"https:\/\/scontent.frsa4-1.fna.fbcdn.net\/v\/t1.0-9\/p720x720\/122765680_4013123222034644_5321564549824519568_o.jpg?_nc_cat=106&amp;ccb=2&amp;_nc_sid=110474&amp;_nc_eui2=AeEJwByRbD5MUvYM-DgJdoVN6RyHQ2TlEp3pHIdDZOUSncd3sXf6GiqQ1rv36iTuUj8_HcQpNoFx9JMh2Qpx3O5s&amp;_nc_ohc=x3rtzcSV46IAX_TOFS_&amp;_nc_ht=scontent.frsa4-1.fna&amp;tp=6&amp;oh=7ca7bfd6a5e07c70bb0ab93f0397cb03&amp;oe=5FC8F9CF\" alt=\"La imagen puede contener: cielo, \u00e1rbol, exterior y naturaleza\" \/><\/p>\n<p>A los Diputados Provinciales\u00a0 Mar\u00eda Laura Trapaglia y\u00a0 Oscar Zanoli, al Secretario de Asuntos Municipales Rogelio Ceferino Schanton.<\/p>\n<p><img decoding=\"async\" src=\"https:\/\/scontent.frsa4-1.fna.fbcdn.net\/v\/t1.0-9\/p720x720\/122807759_4013123042034662_2813592101451676257_o.jpg?_nc_cat=109&amp;ccb=2&amp;_nc_sid=110474&amp;_nc_eui2=AeFnKNjTSgvBJ9KJFfpXg4djEoipw5WkSpkSiKnDlaRKmd6l-VlpRh1vLeJ0H6_8ZQVvn9AEewbFEPw_rk_13sxY&amp;_nc_ohc=U1e5zQSAK18AX8IRewu&amp;_nc_ht=scontent.frsa4-1.fna&amp;tp=6&amp;oh=3a91379f3c18ba7143057256cccee668&amp;oe=5FCAA7F5\" alt=\"La imagen puede contener: planta, \u00e1rbol, cielo y exterior\" \/><\/p>\n<p>Tambi\u00e9n a los Concejales Ignacio Cornejo y Juan Jos\u00e9 Gorordo, Daniel Teller\u00eda , Marcos Z\u00e1noli y la Empresa Disal S.A ( contactada por Patricia Sierra).<\/p>\n<div id=\"js_mo\" class=\"_5pbx userContent _3576\" data-testid=\"post_message\" data-ft=\"{&quot;tn&quot;:&quot;K&quot;}\">\n<div id=\"id_5fa32ca55cd0e5778196335\" class=\"text_exposed_root text_exposed\">\n<p>&nbsp;<\/p>\n<\/div>\n<\/div>\n<div class=\"_3x-2\" data-ft=\"{&quot;tn&quot;:&quot;H&quot;}\">\n<div data-ft=\"{&quot;tn&quot;:&quot;H&quot;}\">\n<div class=\"mtm\">\n<div class=\"_2a2q _65sr\"><\/div>\n<\/div>\n<\/div>\n<\/div>\n<div id=\"js_mo\" class=\"_5pbx userContent _3576\" data-testid=\"post_message\" data-ft=\"{&quot;tn&quot;:&quot;K&quot;}\">\n<div id=\"id_5fa32ca55cd0e5778196335\" class=\"text_exposed_root text_exposed\"><\/div>\n<\/div>\n<div class=\"_3x-2\" data-ft=\"{&quot;tn&quot;:&quot;H&quot;}\">\n<div data-ft=\"{&quot;tn&quot;:&quot;H&quot;}\">\n<div class=\"mtm\">\n<div class=\"_2a2q _65sr\"><\/div>\n<\/div>\n<\/div>\n<\/div>\n<p>&nbsp;<\/p>\n<div id=\"js_mo\" class=\"_5pbx userContent _3576\" data-testid=\"post_message\" data-ft=\"{&quot;tn&quot;:&quot;K&quot;}\">\n<div id=\"id_5fa32ca55cd0e5778196335\" class=\"text_exposed_root text_exposed\"><\/div>\n<\/div>\n<div class=\"_3x-2\" data-ft=\"{&quot;tn&quot;:&quot;H&quot;}\">\n<div data-ft=\"{&quot;tn&quot;:&quot;H&quot;}\">\n<div class=\"mtm\">\n<div class=\"_2a2q _65sr\"><\/div>\n<\/div>\n<\/div>\n<\/div>\n<div class=\"oasis-despues-del-contenido\" id=\"oasis-4115373837\"><img loading=\"lazy\" decoding=\"async\" src=\"https:\/\/oasisfm935.com.ar\/site\/wp-content\/uploads\/2020\/08\/47806202-8741-49f2-a5c9-d2f930e5baa1.jpg\" alt=\"\"  srcset=\"https:\/\/oasisfm935.com.ar\/site\/wp-content\/uploads\/2020\/08\/47806202-8741-49f2-a5c9-d2f930e5baa1.jpg 1080w, https:\/\/oasisfm935.com.ar\/site\/wp-content\/uploads\/2020\/08\/47806202-8741-49f2-a5c9-d2f930e5baa1-300x300.jpg 300w, https:\/\/oasisfm935.com.ar\/site\/wp-content\/uploads\/2020\/08\/47806202-8741-49f2-a5c9-d2f930e5baa1-1024x1024.jpg 1024w, https:\/\/oasisfm935.com.ar\/site\/wp-content\/uploads\/2020\/08\/47806202-8741-49f2-a5c9-d2f930e5baa1-150x150.jpg 150w, https:\/\/oasisfm935.com.ar\/site\/wp-content\/uploads\/2020\/08\/47806202-8741-49f2-a5c9-d2f930e5baa1-768x768.jpg 768w\" sizes=\"(max-width: 1080px) 100vw, 1080px\" class=\"no-lazyload\" width=\"1080\" height=\"1080\"  style=\"display: inline-block;\" \/><\/div>","protected":false},"excerpt":{"rendered":"<p>La Escuela numero 76 de Ingeniero Luiggi quiere agradecer a la colaboraci\u00f3n de muchas personas. Qued\u00f3 terminada la obra del arreglo del<\/p>\n","protected":false},"author":4,"featured_media":7899,"comment_status":"closed","ping_status":"open","sticky":false,"template":"","format":"standard","meta":{"colormag_page_layout":"default_layout","footnotes":""},"categories":[2],"tags":[],"class_list":["post-7898","post","type-post","status-publish","format-standard","has-post-thumbnail","hentry","category-noticias"],"_links":{"self":[{"href":"https:\/\/oasisfm935.com.ar\/site\/wp-json\/wp\/v2\/posts\/7898","targetHints":{"allow":["GET"]}}],"collection":[{"href":"https:\/\/oasisfm935.com.ar\/site\/wp-json\/wp\/v2\/posts"}],"about":[{"href":"https:\/\/oasisfm935.com.ar\/site\/wp-json\/wp\/v2\/types\/post"}],"author":[{"embeddable":true,"href":"https:\/\/oasisfm935.com.ar\/site\/wp-json\/wp\/v2\/users\/4"}],"replies":[{"embeddable":true,"href":"https:\/\/oasisfm935.com.ar\/site\/wp-json\/wp\/v2\/comments?post=7898"}],"version-history":[{"count":3,"href":"https:\/\/oasisfm935.com.ar\/site\/wp-json\/wp\/v2\/posts\/7898\/revisions"}],"predecessor-version":[{"id":7902,"href":"https:\/\/oasisfm935.com.ar\/site\/wp-json\/wp\/v2\/posts\/7898\/revisions\/7902"}],"wp:featuredmedia":[{"embeddable":true,"href":"https:\/\/oasisfm935.com.ar\/site\/wp-json\/wp\/v2\/media\/7899"}],"wp:attachment":[{"href":"https:\/\/oasisfm935.com.ar\/site\/wp-json\/wp\/v2\/media?parent=7898"}],"wp:term":[{"taxonomy":"category","embeddable":true,"href":"https:\/\/oasisfm935.com.ar\/site\/wp-json\/wp\/v2\/categories?post=7898"},{"taxonomy":"post_tag","embeddable":true,"href":"https:\/\/oasisfm935.com.ar\/site\/wp-json\/wp\/v2\/tags?post=7898"}],"curies":[{"name":"wp","href":"https:\/\/api.w.org\/{rel}","templated":true}]}}