{"id":7938,"date":"2020-11-05T20:01:48","date_gmt":"2020-11-05T23:01:48","guid":{"rendered":"http:\/\/oasisfm935.com\/site\/?p=7938"},"modified":"2020-11-05T20:01:48","modified_gmt":"2020-11-05T23:01:48","slug":"la-maruja-inician-sumario-a-municipal-que-violo-la-cuarentena-gustavo-cein-pidio-mayor-responsabilidad-social","status":"publish","type":"post","link":"https:\/\/oasisfm935.com.ar\/site\/la-maruja-inician-sumario-a-municipal-que-violo-la-cuarentena-gustavo-cein-pidio-mayor-responsabilidad-social\/","title":{"rendered":"LA MARUJA: Inician sumario a municipal que viol\u00f3 la cuarentena Gustavo Cein pidi\u00f3 mayor responsabilidad social."},"content":{"rendered":"<p>El intendente de La Maruja, Gustavo Cein, confirm\u00f3 que ya se inici\u00f3 un sumario administrativo a un empleado municipal que reincidi\u00f3 en la violaci\u00f3n de la legislaci\u00f3n vigente para evitar la propagaci\u00f3n de Covid-19.<\/p>\n<p>La localidad del noroeste pampeano actualmente se encuentra en Fase 2 por el aumento de contagios de coronavirus.<\/p>\n<p>El trabajador municipal fue interceptado -durante la madrugada del domingo- por la polic\u00eda, cuando se encontraba con su pareja en una camioneta Toyota Hilux en cercan\u00edas de calle 20 de junio y ruta provincial 11.<\/p>\n<p>Los efectivos policiales le secuestraron la camioneta, porque el trabajador comunal es reincidente en las infracciones al art\u00edculo 205 del C\u00f3digo Penal.<\/p>\n<p>\u00abEl empleado municipal andaba a la madrugada infringiendo la Fase 2 y se tomar\u00e1n las decisiones que ameriten porque ya se paso el tema al departamento legales municipal para que tome una decisi\u00f3n sobre este episodio. Si esto implica un sumario administrativo municipal, se realizar\u00e1 para sancionar al trabajador\u00bb, asegur\u00f3 el jefe comunal.<\/p>\n<p>\u00abActuaremos con severidad porque en este tema tenemos que tener m\u00e1xima responsabilidad. Si infringe las leyes un funcionario municipal, tambi\u00e9n ser\u00e1 sancionado con al fuerza de la ley que corresponda. Y esto ya est\u00e1 hablado porque los funcionarios tenemos m\u00e1xima responsabilidad en esta situaci\u00f3n y tenemos que estar a la altura de las circunstancias\u00bb, asegur\u00f3 el entrevistado.<\/p>\n<p>\u00abD\u00edas complicados\u00bb.<\/p>\n<p>Cein detall\u00f3 que en esa localidad actualmente hay 11 contagios de Covid-19, y casi 60 personas aisladas. \u00abEl nexo epidemiol\u00f3gico de La Maruja provendr\u00eda de General Pico\u00bb, dijo el entrevistado.<\/p>\n<p>El mandatario comunal solicit\u00f3 a los vecinos que eviten circular en los pr\u00f3ximos d\u00edas para no propagar el virus. \u00abAhora estamos un poco m\u00e1s tranquilos, m\u00e1s all\u00e1 que estamos esperando nuevos resultados. Pero, la semana pasada fue bastante compleja la situaci\u00f3n porque tuvimos 11 casos y otros pacientes que se contagiaron en esta localidad, y retrocedimos a Fase 2\u00bb, relat\u00f3.<\/p>\n<p>\u00abFueron d\u00edas muy dif\u00edciles para nuestra localidad porque ten\u00edamos 300 personas aisladas en una peque\u00f1a localidad, y esto obviamente que dificulta mucho el funcionamiento cotidiano, incluso para asistir a las familias aisladas\u00bb, explic\u00f3.<\/p>\n<p>El intendente explic\u00f3 que en estas jornadas \u00abse brind\u00f3 toda la comunidad para atender las necesidades de ese momento\u00bb. Y tambi\u00e9n resalt\u00f3 que el Gobierno provincial \u00abtuvo un acompa\u00f1amiento ejemplar en nuestra localidad\u00bb.<\/p>\n<p>-\u00bfDurante la Fase 2 aument\u00f3 la demanda de ayuda social?<br \/>\n-S\u00ed. La Secretar\u00eda de Desarrollo Social est\u00e1 realizando un trabajo enorme, con el apoyo econ\u00f3mico y personal del ministerio de Desarrollo Social de La Pampa. Trabajamos conjuntamente con el hospital que nos aporta los listados de la gente aislada para tener un control permanente de la situaci\u00f3n social de esas familias. La Maruja tiene una situaci\u00f3n social dif\u00edcil, y salimos a dar respuesta inmediata a m\u00e1s de 40 familias que demandaban mercader\u00eda.<\/p>\n<div class=\"oasis-despues-del-contenido\" id=\"oasis-3408802827\"><img loading=\"lazy\" decoding=\"async\" src=\"https:\/\/oasisfm935.com.ar\/site\/wp-content\/uploads\/2020\/08\/47806202-8741-49f2-a5c9-d2f930e5baa1.jpg\" alt=\"\"  srcset=\"https:\/\/oasisfm935.com.ar\/site\/wp-content\/uploads\/2020\/08\/47806202-8741-49f2-a5c9-d2f930e5baa1.jpg 1080w, https:\/\/oasisfm935.com.ar\/site\/wp-content\/uploads\/2020\/08\/47806202-8741-49f2-a5c9-d2f930e5baa1-300x300.jpg 300w, https:\/\/oasisfm935.com.ar\/site\/wp-content\/uploads\/2020\/08\/47806202-8741-49f2-a5c9-d2f930e5baa1-1024x1024.jpg 1024w, https:\/\/oasisfm935.com.ar\/site\/wp-content\/uploads\/2020\/08\/47806202-8741-49f2-a5c9-d2f930e5baa1-150x150.jpg 150w, https:\/\/oasisfm935.com.ar\/site\/wp-content\/uploads\/2020\/08\/47806202-8741-49f2-a5c9-d2f930e5baa1-768x768.jpg 768w\" sizes=\"(max-width: 1080px) 100vw, 1080px\" class=\"no-lazyload\" width=\"1080\" height=\"1080\"  style=\"display: inline-block;\" \/><\/div>","protected":false},"excerpt":{"rendered":"<p>El intendente de La Maruja, Gustavo Cein, confirm\u00f3 que ya se inici\u00f3 un sumario administrativo a un empleado municipal que reincidi\u00f3 en<\/p>\n","protected":false},"author":4,"featured_media":7939,"comment_status":"closed","ping_status":"open","sticky":false,"template":"","format":"standard","meta":{"colormag_page_layout":"default_layout","footnotes":""},"categories":[2],"tags":[],"class_list":["post-7938","post","type-post","status-publish","format-standard","has-post-thumbnail","hentry","category-noticias"],"_links":{"self":[{"href":"https:\/\/oasisfm935.com.ar\/site\/wp-json\/wp\/v2\/posts\/7938","targetHints":{"allow":["GET"]}}],"collection":[{"href":"https:\/\/oasisfm935.com.ar\/site\/wp-json\/wp\/v2\/posts"}],"about":[{"href":"https:\/\/oasisfm935.com.ar\/site\/wp-json\/wp\/v2\/types\/post"}],"author":[{"embeddable":true,"href":"https:\/\/oasisfm935.com.ar\/site\/wp-json\/wp\/v2\/users\/4"}],"replies":[{"embeddable":true,"href":"https:\/\/oasisfm935.com.ar\/site\/wp-json\/wp\/v2\/comments?post=7938"}],"version-history":[{"count":1,"href":"https:\/\/oasisfm935.com.ar\/site\/wp-json\/wp\/v2\/posts\/7938\/revisions"}],"predecessor-version":[{"id":7940,"href":"https:\/\/oasisfm935.com.ar\/site\/wp-json\/wp\/v2\/posts\/7938\/revisions\/7940"}],"wp:featuredmedia":[{"embeddable":true,"href":"https:\/\/oasisfm935.com.ar\/site\/wp-json\/wp\/v2\/media\/7939"}],"wp:attachment":[{"href":"https:\/\/oasisfm935.com.ar\/site\/wp-json\/wp\/v2\/media?parent=7938"}],"wp:term":[{"taxonomy":"category","embeddable":true,"href":"https:\/\/oasisfm935.com.ar\/site\/wp-json\/wp\/v2\/categories?post=7938"},{"taxonomy":"post_tag","embeddable":true,"href":"https:\/\/oasisfm935.com.ar\/site\/wp-json\/wp\/v2\/tags?post=7938"}],"curies":[{"name":"wp","href":"https:\/\/api.w.org\/{rel}","templated":true}]}}