{"id":7946,"date":"2020-11-06T12:28:36","date_gmt":"2020-11-06T15:28:36","guid":{"rendered":"http:\/\/oasisfm935.com\/site\/?p=7946"},"modified":"2020-11-06T12:28:36","modified_gmt":"2020-11-06T15:28:36","slug":"el-diputado-zanoli-propone-dar-continuidad-a-la-extension-aulica-en-ing-luiggi-y-ampliar-la-oferta-academica","status":"publish","type":"post","link":"https:\/\/oasisfm935.com.ar\/site\/el-diputado-zanoli-propone-dar-continuidad-a-la-extension-aulica-en-ing-luiggi-y-ampliar-la-oferta-academica\/","title":{"rendered":"El diputado Zanoli propone dar continuidad a la Extensi\u00f3n \u00c1ulica en Ing. Luiggi y ampliar la oferta acad\u00e9mica"},"content":{"rendered":"<p>La iniciativa del diputado Oscar Zanoli, con el acompa\u00f1amiento de otros legisladores del bloque del FREJUPA, propone\u00a0<strong>darle continuidad a la Extensi\u00f3n \u00c1ulica que comenz\u00f3 a funcionar en el 2017 en Ingeniero Luiggi y ampliar la oferta acad\u00e9mica en esta localidad.<\/strong><\/p>\n<p>Este mi\u00e9rcoles se sac\u00f3 dictamen un\u00e1nime de un Proyecto de Resoluci\u00f3n, por el cual se solicita al Poder Ejecutivo Provincial que, a trav\u00e9s del Ministerio de Educaci\u00f3n, analice la posibilidad de\u00a0<strong>propiciar la continuidad del Proyecto de Extensi\u00f3n \u00c1ulica en la localidad de Ingeniero Luiggi para carreras de nivel superior.<\/strong><\/p>\n<p>Dicho dictamen tuvo lugar en la Comisi\u00f3n de Legislaci\u00f3n General, Cultura, Educaci\u00f3n y Asuntos Municipales<strong>\u00a0. El Proyecto es una iniciativa del Diputado del Bloque FREJUPA, Profesor Oscar Zanoli\u00a0<\/strong>acompa\u00f1ado de las y los Diputadas\/os Julio Gonz\u00e1lez, Alicia Mayoral, Roberto Robledo, Valeria Luj\u00e1n, Leonardo Avenda\u00f1o, Mart\u00edn Balsa, C\u00e9sar Montes de Oca y Jos\u00e9 Gonz\u00e1lz.<\/p>\n<p>Durante el a\u00f1o 2017 y a trav\u00e9s de la Resoluci\u00f3n N\u00b0 0624\/17 del Ministerio de Educaci\u00f3n de la Provincia de La Pampa, se concret\u00f3 la apertura de la extensi\u00f3n \u00e1ulica del Instituto Superior de Formaci\u00f3n Docente de Colonia Bar\u00f3n para el cursado del Profesorado de Educaci\u00f3n Inicial en la localidad de Ingeniero Luiggi.<\/p>\n<p>En los argumentos del proyecto, Zanoli resalt\u00f3 que \u00abl<strong>a formaci\u00f3n es de gran importancia para la localidad y la regi\u00f3n, no s\u00f3lo a fin de contar con una oferta educativa de calidad al alcance de las y los j\u00f3venes de la zona norte de la provincia, sino tambi\u00e9n destinada a garantizar el cumplimiento de la obligatoriedad de las salas de cuatro a\u00f1os en todo el territorio provincial\u00bb.<\/strong><\/p>\n<p>\u201cConsiderando que se otorg\u00f3 la respuesta adecuada a las necesidades suscitadas en la regi\u00f3n, brind\u00e1ndose una oferta educativa a t\u00e9rmino, que a\u00fan est\u00e1 en proceso, pero habi\u00e9ndose recibido demandas de acceder a otro tipo de carreras desde una gran parte de la poblaci\u00f3n, no s\u00f3lo de Ingeniero Luiggi sino tambi\u00e9n de localidades cercanas, es que se intenta canalizar la expresi\u00f3n de nuestra sociedad a trav\u00e9s de este proyecto legislativo,\u201d sostuvo el Diputado Oscar Zanoli.<\/p>\n<p>En tanto agreg\u00f3: \u201cLa concreci\u00f3n de la oferta acad\u00e9mica para nivel superior har\u00e1 posible no s\u00f3lo la implementaci\u00f3n de otras opciones terciariasy\/o universitarias sino que seguir\u00e1 constituyendo un avance democr\u00e1tico en cuanto a la universalidad, pluralidad y equidad\u00bb.<\/p>\n<p>fuente zonal noticias<\/p>\n<div class=\"oasis-despues-del-contenido\" id=\"oasis-3473172516\"><img loading=\"lazy\" decoding=\"async\" src=\"https:\/\/oasisfm935.com.ar\/site\/wp-content\/uploads\/2020\/08\/47806202-8741-49f2-a5c9-d2f930e5baa1.jpg\" alt=\"\"  srcset=\"https:\/\/oasisfm935.com.ar\/site\/wp-content\/uploads\/2020\/08\/47806202-8741-49f2-a5c9-d2f930e5baa1.jpg 1080w, https:\/\/oasisfm935.com.ar\/site\/wp-content\/uploads\/2020\/08\/47806202-8741-49f2-a5c9-d2f930e5baa1-300x300.jpg 300w, https:\/\/oasisfm935.com.ar\/site\/wp-content\/uploads\/2020\/08\/47806202-8741-49f2-a5c9-d2f930e5baa1-1024x1024.jpg 1024w, https:\/\/oasisfm935.com.ar\/site\/wp-content\/uploads\/2020\/08\/47806202-8741-49f2-a5c9-d2f930e5baa1-150x150.jpg 150w, https:\/\/oasisfm935.com.ar\/site\/wp-content\/uploads\/2020\/08\/47806202-8741-49f2-a5c9-d2f930e5baa1-768x768.jpg 768w\" sizes=\"(max-width: 1080px) 100vw, 1080px\" class=\"no-lazyload\" width=\"1080\" height=\"1080\"  style=\"display: inline-block;\" \/><\/div>","protected":false},"excerpt":{"rendered":"<p>La iniciativa del diputado Oscar Zanoli, con el acompa\u00f1amiento de otros legisladores del bloque del FREJUPA, propone\u00a0darle continuidad a la Extensi\u00f3n \u00c1ulica<\/p>\n","protected":false},"author":4,"featured_media":7947,"comment_status":"closed","ping_status":"open","sticky":false,"template":"","format":"standard","meta":{"colormag_page_layout":"default_layout","footnotes":""},"categories":[2],"tags":[],"class_list":["post-7946","post","type-post","status-publish","format-standard","has-post-thumbnail","hentry","category-noticias"],"_links":{"self":[{"href":"https:\/\/oasisfm935.com.ar\/site\/wp-json\/wp\/v2\/posts\/7946","targetHints":{"allow":["GET"]}}],"collection":[{"href":"https:\/\/oasisfm935.com.ar\/site\/wp-json\/wp\/v2\/posts"}],"about":[{"href":"https:\/\/oasisfm935.com.ar\/site\/wp-json\/wp\/v2\/types\/post"}],"author":[{"embeddable":true,"href":"https:\/\/oasisfm935.com.ar\/site\/wp-json\/wp\/v2\/users\/4"}],"replies":[{"embeddable":true,"href":"https:\/\/oasisfm935.com.ar\/site\/wp-json\/wp\/v2\/comments?post=7946"}],"version-history":[{"count":1,"href":"https:\/\/oasisfm935.com.ar\/site\/wp-json\/wp\/v2\/posts\/7946\/revisions"}],"predecessor-version":[{"id":7948,"href":"https:\/\/oasisfm935.com.ar\/site\/wp-json\/wp\/v2\/posts\/7946\/revisions\/7948"}],"wp:featuredmedia":[{"embeddable":true,"href":"https:\/\/oasisfm935.com.ar\/site\/wp-json\/wp\/v2\/media\/7947"}],"wp:attachment":[{"href":"https:\/\/oasisfm935.com.ar\/site\/wp-json\/wp\/v2\/media?parent=7946"}],"wp:term":[{"taxonomy":"category","embeddable":true,"href":"https:\/\/oasisfm935.com.ar\/site\/wp-json\/wp\/v2\/categories?post=7946"},{"taxonomy":"post_tag","embeddable":true,"href":"https:\/\/oasisfm935.com.ar\/site\/wp-json\/wp\/v2\/tags?post=7946"}],"curies":[{"name":"wp","href":"https:\/\/api.w.org\/{rel}","templated":true}]}}