{"id":7951,"date":"2020-11-06T15:25:33","date_gmt":"2020-11-06T18:25:33","guid":{"rendered":"http:\/\/oasisfm935.com\/site\/?p=7951"},"modified":"2020-11-06T15:25:33","modified_gmt":"2020-11-06T18:25:33","slug":"ingeniero-lugigi-se-licito-la-construccion-del-albergue","status":"publish","type":"post","link":"https:\/\/oasisfm935.com.ar\/site\/ingeniero-lugigi-se-licito-la-construccion-del-albergue\/","title":{"rendered":"Ingeniero Lugigi: Se licit\u00f3 la construcci\u00f3n del Albergue"},"content":{"rendered":"<p>Se realiz\u00f3 la apertura de sobres de la licitaci\u00f3n p\u00fablica para la obra de construcci\u00f3n de un albergue en Ingeniero Luiggi, con un presupuesto oficial de $60.945.726,80 y un plazo de ejecuci\u00f3n de 360 d\u00edas.<\/p>\n<p>La misma se desarroll\u00f3 esta ma\u00f1ana en el Consejo de Obras P\u00fablicas con la presencia del ministro de Obras y Servicios P\u00fablicos, Ram\u00f3n Garay, la intendente de Ingeniero Luiggi, Patricia Lav\u00edn y los representantes de las empresas oferentes.<\/p>\n<p>Dada la necesidad de alojamiento de car\u00e1cter transitorio en la localidad, tanto para visitantes como delegaciones o deportistas que necesitan un espacio adecuado para alojarse, se plante\u00f3 la necesidad de la construcci\u00f3n de un albergue como respuesta a estos requerimientos.<\/p>\n<p>Patricia Lav\u00edn se mostr\u00f3 satisfecha por lo que significa la obra p\u00fablica en la localidad. \u201cEsto fue anunciado el d\u00eda del aniversario de Luiggi y lo vivimos con alegr\u00eda porque lo que genera la construcci\u00f3n de un albergue, porque va a permitir motorizar el mercado local, la confluencia de otras personas, poder ser sede de juegos Deportivos, cosas que antes no pod\u00edamos\u201d, coment\u00f3.<\/p>\n<p><img decoding=\"async\" src=\"https:\/\/apn.lapampa.gob.ar\/images\/multimedia\/652453_apn-gus_7424.jpg\" \/><\/p>\n<p>&nbsp;<\/p>\n<p>Luego, agreg\u00f3: \u201cCreo que es un recurso que puede ser utilizado para la regi\u00f3n, armar circuitos tur\u00edsticos con las localidades vecinas, lo miro no s\u00f3lo para la localidad sino una apuesta importante para la regi\u00f3n. Y as\u00ed lo consider\u00f3 el gobernador, que sin lugar a dudas en un a\u00f1o complicado tom\u00f3 esta decisi\u00f3n, lo cual lo vivimos con mucho agradecimiento, porque sabemos el esfuerzo que se hace para sostener la obra p\u00fablica en las localidades\u201d.<\/p>\n<p>La obra comprende 591,93 m2 cubiertos, 57,63 m2 semicubiertos, y previ\u00e9ndose un futuro crecimiento de aproximadamente 154 m2, sobre la misma parcela.<\/p>\n<p>Para la concreci\u00f3n de las obras se ha llevado a cabo un programa de necesidades, del cual surge un edificio como respuesta conformado por espacios de hall de acceso, recepci\u00f3n, dormitorios, sanitarios de ambos sexos, sanitario para personas con discapacidad, cocina, lavadero, dep\u00f3sito, sanitario de servicio, patio de servicio, circulaciones horizontales conectoras, sal\u00f3n de usos m\u00faltiples con expansi\u00f3n a galer\u00eda cubierta y desarrollado en planta baja.<\/p>\n<p>\u201cLa Provincia tiene experiencia en este tipo de albergues. Lo vamos a ubicar en el contexto del Parque Centenario donde tenemos pileta al aire libre, sal\u00f3n de usos m\u00faltiples, canchas para distintos deportes, adem\u00e1s est\u00e1 la pileta climatizada. Nos queda un predio muy completo, bien armado para las distintas temporadas del a\u00f1o\u201d, coment\u00f3 la jefa comunal.<\/p>\n<p>Por \u00faltimo, Lav\u00edn destac\u00f3 la decisi\u00f3n pol\u00edtica del gobernador, Sergio Ziliotto de llevar adelante un proyecto tan importante en la Provincia. \u201cSe lo planteamos al gobernador y era l\u00f3gico que no pudiera salir este a\u00f1o, porque todo el recurso tiene que estar en la cuesti\u00f3n sanitaria y lo entendemos as\u00ed. Y la verdad que cuando lleg\u00f3 esta sorpresa el d\u00eda del centenario nos dio mucha alegr\u00eda, porque creo que el gobernador entiende esta mirada amplia, integral y todo lo que genera una obra p\u00fablica en la localidad. Por eso pienso que es un recurso no solo para la localidad sino para la regi\u00f3n y as\u00ed vamos a trabajar, en sinton\u00eda con otras localidades para mostrar lo que tenemos en Luiggi. Tenemos una Fiesta Nacional importante y esto permitir\u00e1 poder ofrecer mayores comodidades\u201d, cerr\u00f3.<\/p>\n<p><img decoding=\"async\" src=\"https:\/\/apn.lapampa.gob.ar\/images\/multimedia\/588875_apn-gus_7445.jpg\" \/><\/p>\n<p><strong>Caracter\u00edsticas de la obra<\/strong><br \/>\nLa obra se construir\u00e1 mediante un sistema tradicional racionalizado, estructura independiente de hormig\u00f3n armado, losas cer\u00e1micas planas de viguetas pretensadas, mamposter\u00edas de ladrillos huecos en cerramientos y alba\u00f1iler\u00eda de terminaci\u00f3n.<\/p>\n<p>La construcci\u00f3n de locales de apoyo al sal\u00f3n de usos m\u00faltiples, se realizar\u00e1n con mamposter\u00eda de cerramiento, vigas y columnas de H\u00b0A\u00b0 y losas de viguetas y ladrillos cer\u00e1micos para techo plano. La construcci\u00f3n de la cubierta del sal\u00f3n de usos m\u00faltiples se realizar\u00e1 con estructura independiente para soportar la cubierta met\u00e1lica y muros de mamposter\u00eda de ladrillos huecos cer\u00e1micos a modo de cerramientos.<\/p>\n<p>Los trabajos exteriores se cumplimentan con tratamiento de pisos y veredas de acceso, conexi\u00f3n a la red p\u00fablica de electricidad y agua corriente. El servicio de gas, ser\u00e1 por medio de zeppel\u00edn con capacidad de autoabastecimiento en 10 d\u00edas corridos y sistema de desag\u00fce cloacal a pozo absorbente.<\/p>\n<div class=\"oasis-despues-del-contenido\" id=\"oasis-607710747\"><img loading=\"lazy\" decoding=\"async\" src=\"https:\/\/oasisfm935.com.ar\/site\/wp-content\/uploads\/2020\/08\/47806202-8741-49f2-a5c9-d2f930e5baa1.jpg\" alt=\"\"  srcset=\"https:\/\/oasisfm935.com.ar\/site\/wp-content\/uploads\/2020\/08\/47806202-8741-49f2-a5c9-d2f930e5baa1.jpg 1080w, https:\/\/oasisfm935.com.ar\/site\/wp-content\/uploads\/2020\/08\/47806202-8741-49f2-a5c9-d2f930e5baa1-300x300.jpg 300w, https:\/\/oasisfm935.com.ar\/site\/wp-content\/uploads\/2020\/08\/47806202-8741-49f2-a5c9-d2f930e5baa1-1024x1024.jpg 1024w, https:\/\/oasisfm935.com.ar\/site\/wp-content\/uploads\/2020\/08\/47806202-8741-49f2-a5c9-d2f930e5baa1-150x150.jpg 150w, https:\/\/oasisfm935.com.ar\/site\/wp-content\/uploads\/2020\/08\/47806202-8741-49f2-a5c9-d2f930e5baa1-768x768.jpg 768w\" sizes=\"(max-width: 1080px) 100vw, 1080px\" class=\"no-lazyload\" width=\"1080\" height=\"1080\"  style=\"display: inline-block;\" \/><\/div>","protected":false},"excerpt":{"rendered":"<p>Se realiz\u00f3 la apertura de sobres de la licitaci\u00f3n p\u00fablica para la obra de construcci\u00f3n de un albergue en Ingeniero Luiggi, con<\/p>\n","protected":false},"author":4,"featured_media":7952,"comment_status":"closed","ping_status":"open","sticky":false,"template":"","format":"standard","meta":{"colormag_page_layout":"default_layout","footnotes":""},"categories":[2],"tags":[],"class_list":["post-7951","post","type-post","status-publish","format-standard","has-post-thumbnail","hentry","category-noticias"],"_links":{"self":[{"href":"https:\/\/oasisfm935.com.ar\/site\/wp-json\/wp\/v2\/posts\/7951","targetHints":{"allow":["GET"]}}],"collection":[{"href":"https:\/\/oasisfm935.com.ar\/site\/wp-json\/wp\/v2\/posts"}],"about":[{"href":"https:\/\/oasisfm935.com.ar\/site\/wp-json\/wp\/v2\/types\/post"}],"author":[{"embeddable":true,"href":"https:\/\/oasisfm935.com.ar\/site\/wp-json\/wp\/v2\/users\/4"}],"replies":[{"embeddable":true,"href":"https:\/\/oasisfm935.com.ar\/site\/wp-json\/wp\/v2\/comments?post=7951"}],"version-history":[{"count":2,"href":"https:\/\/oasisfm935.com.ar\/site\/wp-json\/wp\/v2\/posts\/7951\/revisions"}],"predecessor-version":[{"id":7954,"href":"https:\/\/oasisfm935.com.ar\/site\/wp-json\/wp\/v2\/posts\/7951\/revisions\/7954"}],"wp:featuredmedia":[{"embeddable":true,"href":"https:\/\/oasisfm935.com.ar\/site\/wp-json\/wp\/v2\/media\/7952"}],"wp:attachment":[{"href":"https:\/\/oasisfm935.com.ar\/site\/wp-json\/wp\/v2\/media?parent=7951"}],"wp:term":[{"taxonomy":"category","embeddable":true,"href":"https:\/\/oasisfm935.com.ar\/site\/wp-json\/wp\/v2\/categories?post=7951"},{"taxonomy":"post_tag","embeddable":true,"href":"https:\/\/oasisfm935.com.ar\/site\/wp-json\/wp\/v2\/tags?post=7951"}],"curies":[{"name":"wp","href":"https:\/\/api.w.org\/{rel}","templated":true}]}}