{"id":7958,"date":"2020-11-06T20:04:29","date_gmt":"2020-11-06T23:04:29","guid":{"rendered":"http:\/\/oasisfm935.com\/site\/?p=7958"},"modified":"2020-11-06T20:04:49","modified_gmt":"2020-11-06T23:04:49","slug":"la-pampa-utilizara-ibuprofeno-inhalable-en-pacientes-con-covid-19","status":"publish","type":"post","link":"https:\/\/oasisfm935.com.ar\/site\/la-pampa-utilizara-ibuprofeno-inhalable-en-pacientes-con-covid-19\/","title":{"rendered":"La Pampa utilizar\u00e1 ibuprofeno inhalable en pacientes con Covid-19."},"content":{"rendered":"<p>El ministerio de Salud dio a conocer que utilizar\u00e1\u00a0<strong>Ibuprofeno S\u00f3dico como \u00abterapia de uso compasivo\u00bb<\/strong>\u00a0en las instituciones sanitarias p\u00fablicas. Adem\u00e1s,\u00a0<strong>autoriz\u00f3 la misma pr\u00e1ctica en los centros asistencials privados<\/strong>.<\/p>\n<p>\u00abLa medida se adopt\u00f3 teniendo en cuenta el contexto epidemiol\u00f3gico en que se encuentra la provincia a ra\u00edz de la pandemia de COVID-19 y en virtud de que el DNU 260\/20 faculta a las autoridades sanitarias a adoptar cualquier medida que resulte necesaria a fin de mitigar los efectos de la pandemia declarada por la Organizaci\u00f3n Municipal de la Salud\u00bb, se indic\u00f3 este viernes a trav\u00e9s de un comunicado de prensa oficial.<\/p>\n<p>La resoluci\u00f3n de la cartera de Salud tambi\u00e9n faculta el uso de Ibuprofeno S\u00f3dico a las instituciones sanitarias privadas.<\/p>\n<p>\u00abPara el empleo de este medicamento ser\u00e1 obligatoria la extensi\u00f3n de un consentimiento informado de parte de los pacientes, cuyo formulario fue preopinado favorablemente por el Consejo Provincial de Bio\u00e9tica\u00bb, aclar\u00f3 el mismo escrito oficial.<\/p>\n<p><strong>Medidas de prevenci\u00f3n<\/strong><\/p>\n<p>Desde el instauraci\u00f3n de la emergencia sanitaria en el pa\u00eds, y en funci\u00f3n de la evoluci\u00f3n de la situaci\u00f3n epidemiol\u00f3gica, el Gobierno Provincial destac\u00f3 que se vio en la necesidad de implementar \u00abdiversas medidas de prevenci\u00f3n, detecci\u00f3n temprana y control, adem\u00e1s de unificaci\u00f3n de protocolos y difusi\u00f3n de patrones de conducta adoptados\u00bb.<\/p>\n<p>\u00abEn este sentido -continu\u00f3 el comunicado de prensa- se reforzaron los servicios de asistencia hospitalaria, tanto en el aumento de los recursos f\u00edsicos como humanos, profesionales y no profesionales, con el objetivo de paliar los efectos adversos de la propagaci\u00f3n de la enfermedad\u00bb.<\/p>\n<p>\u00abEn el marco de la estrategia trazada para combatir la enfermedad se plante\u00f3 la necesidad de tomar en consideraci\u00f3n todas las propuestas de tratamiento que puedan ofrecer cuidados paliativos y cuyo uso no presenten eventos adversos de significaci\u00f3n\u00bb, finaliz\u00f3.<\/p>\n<div class=\"oasis-despues-del-contenido\" id=\"oasis-269802864\"><img loading=\"lazy\" decoding=\"async\" src=\"https:\/\/oasisfm935.com.ar\/site\/wp-content\/uploads\/2020\/08\/47806202-8741-49f2-a5c9-d2f930e5baa1.jpg\" alt=\"\"  srcset=\"https:\/\/oasisfm935.com.ar\/site\/wp-content\/uploads\/2020\/08\/47806202-8741-49f2-a5c9-d2f930e5baa1.jpg 1080w, https:\/\/oasisfm935.com.ar\/site\/wp-content\/uploads\/2020\/08\/47806202-8741-49f2-a5c9-d2f930e5baa1-300x300.jpg 300w, https:\/\/oasisfm935.com.ar\/site\/wp-content\/uploads\/2020\/08\/47806202-8741-49f2-a5c9-d2f930e5baa1-1024x1024.jpg 1024w, https:\/\/oasisfm935.com.ar\/site\/wp-content\/uploads\/2020\/08\/47806202-8741-49f2-a5c9-d2f930e5baa1-150x150.jpg 150w, https:\/\/oasisfm935.com.ar\/site\/wp-content\/uploads\/2020\/08\/47806202-8741-49f2-a5c9-d2f930e5baa1-768x768.jpg 768w\" sizes=\"(max-width: 1080px) 100vw, 1080px\" class=\"no-lazyload\" width=\"1080\" height=\"1080\"  style=\"display: inline-block;\" \/><\/div>","protected":false},"excerpt":{"rendered":"<p>El ministerio de Salud dio a conocer que utilizar\u00e1\u00a0Ibuprofeno S\u00f3dico como \u00abterapia de uso compasivo\u00bb\u00a0en las instituciones sanitarias p\u00fablicas. Adem\u00e1s,\u00a0autoriz\u00f3 la misma<\/p>\n","protected":false},"author":4,"featured_media":7959,"comment_status":"closed","ping_status":"open","sticky":false,"template":"","format":"standard","meta":{"colormag_page_layout":"default_layout","footnotes":""},"categories":[2],"tags":[],"class_list":["post-7958","post","type-post","status-publish","format-standard","has-post-thumbnail","hentry","category-noticias"],"_links":{"self":[{"href":"https:\/\/oasisfm935.com.ar\/site\/wp-json\/wp\/v2\/posts\/7958","targetHints":{"allow":["GET"]}}],"collection":[{"href":"https:\/\/oasisfm935.com.ar\/site\/wp-json\/wp\/v2\/posts"}],"about":[{"href":"https:\/\/oasisfm935.com.ar\/site\/wp-json\/wp\/v2\/types\/post"}],"author":[{"embeddable":true,"href":"https:\/\/oasisfm935.com.ar\/site\/wp-json\/wp\/v2\/users\/4"}],"replies":[{"embeddable":true,"href":"https:\/\/oasisfm935.com.ar\/site\/wp-json\/wp\/v2\/comments?post=7958"}],"version-history":[{"count":1,"href":"https:\/\/oasisfm935.com.ar\/site\/wp-json\/wp\/v2\/posts\/7958\/revisions"}],"predecessor-version":[{"id":7960,"href":"https:\/\/oasisfm935.com.ar\/site\/wp-json\/wp\/v2\/posts\/7958\/revisions\/7960"}],"wp:featuredmedia":[{"embeddable":true,"href":"https:\/\/oasisfm935.com.ar\/site\/wp-json\/wp\/v2\/media\/7959"}],"wp:attachment":[{"href":"https:\/\/oasisfm935.com.ar\/site\/wp-json\/wp\/v2\/media?parent=7958"}],"wp:term":[{"taxonomy":"category","embeddable":true,"href":"https:\/\/oasisfm935.com.ar\/site\/wp-json\/wp\/v2\/categories?post=7958"},{"taxonomy":"post_tag","embeddable":true,"href":"https:\/\/oasisfm935.com.ar\/site\/wp-json\/wp\/v2\/tags?post=7958"}],"curies":[{"name":"wp","href":"https:\/\/api.w.org\/{rel}","templated":true}]}}