{"id":7961,"date":"2020-11-06T20:38:30","date_gmt":"2020-11-06T23:38:30","guid":{"rendered":"http:\/\/oasisfm935.com\/site\/?p=7961"},"modified":"2020-11-06T20:43:58","modified_gmt":"2020-11-06T23:43:58","slug":"hoy-se-detectaron-111-nuevos-casos-de-coronavirus-en-la-pampa-1-corresponde-a-ingeniero-luiggi","status":"publish","type":"post","link":"https:\/\/oasisfm935.com.ar\/site\/hoy-se-detectaron-111-nuevos-casos-de-coronavirus-en-la-pampa-1-corresponde-a-ingeniero-luiggi\/","title":{"rendered":"Hoy se detectaron 111 nuevos casos de Coronavirus en La Pampa, 1 corresponde a Ingeniero Luiggi."},"content":{"rendered":"<p class=\"lead nota-detalle-bajada\">El Gobierno de la provincia de La Pampa a trav\u00e9s del Ministerio de Salud comunica que en horas de la tarde del d\u00eda 6 de noviembre, se finaliz\u00f3 con el procesamiento de 350 muestras analizadas en los laboratorios de la Direcci\u00f3n de Epidemiolog\u00eda y del Hospital Gobernador Centeno y Lucio Molas, de las cuales 111 resultaron positivas para COVID-19.<\/p>\n<div class=\"nota-detalle-cuerpo\">De ellos 52 residen en Santa Rosa, 21 en General Pico, 7 en Eduardo Castex, 6 en Winifreda, 6 en Toay, 4 en 25 de Mayo, 3 en La Humada, 3 en Trenel, 2 en Catril\u00f3, 2 en General Acha, 1 en La Adela, 1 en Gobernador Duval, 1 en Ingeniero Luiggi, 1 en Realic\u00f3 y 1 en Uriburu.<\/div>\n<div class=\"nota-detalle-cuerpo\">De los 111 casos confirmados en la tarde de hoy, 59 se encontraban aislados por ser considerados contactos estrechos, mientras que 52 casos contin\u00faan en investigaci\u00f3n epidemiol\u00f3gica.<strong>B\u00fasqueda Activa y test de ant\u00edgenos\u00a0<\/strong><br \/>\nEn el d\u00eda de la fecha se llev\u00f3 a cabo la estrategia de B\u00fasqueda Activa en terreno en las localidades de General Pico y Santa Rosa, donde se entrevistaron a m\u00e1s de 2000 personas. El objetivo fue detectar los pacientes sintom\u00e1ticos compatibles con la enfermedad, que luego fueron analizados por diagn\u00f3stico de ant\u00edgenos.<br \/>\nLas personas que resultaron positivo para COVID-19 fueron autom\u00e1ticamente aisladas, al igual que sus contactos estrechos que est\u00e1n en seguimiento. Los diagn\u00f3sticos negativos ser\u00e1n analizados por la t\u00e9cnica de PCR.<\/p>\n<\/div>\n<div class=\"nota-detalle-cuerpo\">En General Pico se encuestaron 1181 personas, de ellos 25 presentaban s\u00edntomas y fueron hisopados. De los cuales 8 test arrojaron resultado positivo para COVID-19.<\/div>\n<div class=\"nota-detalle-cuerpo\">En Santa Rosa se realiz\u00f3 b\u00fasqueda activa en el barrio Villa Parque, se recorrieron 24 manzanas y se entrevist\u00f3 a 827 personas, donde se identificaron 12 sintom\u00e1ticos, que fueron hisopados, 1 de ellos arroj\u00f3 resultado positivo.<\/div>\n<div class=\"nota-detalle-cuerpo\">En el Hospital Evita, de 3 hisopados 1 de ellos result\u00f3 positivo.<br \/>\nEn Toay, se realizaron 11 hisopados a sintom\u00e1ticos de los cuales 5 resultaron positivos.<strong>Situaci\u00f3n provincial\u00a0 \u00a0<\/strong><br \/>\nDesde el inicio de la pandemia en la Provincia, se registraron un total 3916 casos positivos para COVID-19, de los cuales 1108 permanecen activos, 38 han fallecido y 2770 se han recuperado, entre estos \u00faltimos se encuentran 70 personas de Santa Rosa, 10 de General Pico, 11 de La Maruja, 9 de General Campos, 8 de Toay, 3 de Guatrach\u00e9, 2 de Realic\u00f3, 2 de 25 de Mayo, 11 de Macach\u00edn, 3 de Quem\u00fa Quem\u00fa, 2 de Victorica, 2 de La Adela y 1 de Embajador Martini.<\/p>\n<\/div>\n<div class=\"nota-detalle-cuerpo\">Los casos confirmados activos est\u00e1n distribuidos de la siguiente manera:\u00a0 574 en Santa Rosa, 187 en General Pico, 50 en Toay,\u00a0 40 en Eduardo Castex, 37 en 25 de Mayo, 41 en Realic\u00f3, 16 en Macach\u00edn, 10 en Victorica, 23 en Quem\u00fa Quem\u00fa, 12 en Catril\u00f3, 27 en Trenel, 7 en La Adela, 1 en General Campos, 6 en Guatrach\u00e9, 2 en Ataliva Roca, 2 en Uriburu, 18 en Winifreda, 4 en General Acha, 3 en Abramo, 3 en Alpachiri, 1 en Anguil, 2 en Doblas, 14 en La Humada, 7 en Embajador Martini, 1 en Lonquimay, 2 en Ojeda, 3 en Alta Italia, 1 en Quehu\u00e9, 2 en Limay Mahuida, 8 en Santa Mar\u00eda, 1 en Gobernador Duval, 1 en Ingeniero Luiggi, 1 en Bernasconi y 1 en Puel\u00e9n.<br \/>\nAl d\u00eda de la fecha se encuentran aisladas un total de 8304 personas en toda la Provincia.<strong>Personas internadas\u00a0<\/strong><br \/>\nSe encuentran internadas 70 personas confirmadas para COVID-19. En General Pico 27 personas internadas, de ellos 21 en modulares y 6 en terapia intensiva. En Santa Rosa se encuentran internadas 38 personas, de ellas 10 en cl\u00ednica m\u00e9dica, 11 en terapia intensiva y 17 en modulares. En el Hospital Evita de Santa Rosa 4 personas internadas en cl\u00ednica m\u00e9dica. En el Hospital de la localidad de Realic\u00f3 1 persona en cl\u00ednica m\u00e9dica.<\/p>\n<\/div>\n<div class=\"oasis-despues-del-contenido\" id=\"oasis-2737753122\"><img loading=\"lazy\" decoding=\"async\" src=\"https:\/\/oasisfm935.com.ar\/site\/wp-content\/uploads\/2020\/08\/47806202-8741-49f2-a5c9-d2f930e5baa1.jpg\" alt=\"\"  srcset=\"https:\/\/oasisfm935.com.ar\/site\/wp-content\/uploads\/2020\/08\/47806202-8741-49f2-a5c9-d2f930e5baa1.jpg 1080w, https:\/\/oasisfm935.com.ar\/site\/wp-content\/uploads\/2020\/08\/47806202-8741-49f2-a5c9-d2f930e5baa1-300x300.jpg 300w, https:\/\/oasisfm935.com.ar\/site\/wp-content\/uploads\/2020\/08\/47806202-8741-49f2-a5c9-d2f930e5baa1-1024x1024.jpg 1024w, https:\/\/oasisfm935.com.ar\/site\/wp-content\/uploads\/2020\/08\/47806202-8741-49f2-a5c9-d2f930e5baa1-150x150.jpg 150w, https:\/\/oasisfm935.com.ar\/site\/wp-content\/uploads\/2020\/08\/47806202-8741-49f2-a5c9-d2f930e5baa1-768x768.jpg 768w\" sizes=\"(max-width: 1080px) 100vw, 1080px\" class=\"no-lazyload\" width=\"1080\" height=\"1080\"  style=\"display: inline-block;\" \/><\/div>","protected":false},"excerpt":{"rendered":"<p>El Gobierno de la provincia de La Pampa a trav\u00e9s del Ministerio de Salud comunica que en horas de la tarde del<\/p>\n","protected":false},"author":4,"featured_media":7760,"comment_status":"closed","ping_status":"open","sticky":false,"template":"","format":"standard","meta":{"colormag_page_layout":"default_layout","footnotes":""},"categories":[2],"tags":[],"class_list":["post-7961","post","type-post","status-publish","format-standard","has-post-thumbnail","hentry","category-noticias"],"_links":{"self":[{"href":"https:\/\/oasisfm935.com.ar\/site\/wp-json\/wp\/v2\/posts\/7961","targetHints":{"allow":["GET"]}}],"collection":[{"href":"https:\/\/oasisfm935.com.ar\/site\/wp-json\/wp\/v2\/posts"}],"about":[{"href":"https:\/\/oasisfm935.com.ar\/site\/wp-json\/wp\/v2\/types\/post"}],"author":[{"embeddable":true,"href":"https:\/\/oasisfm935.com.ar\/site\/wp-json\/wp\/v2\/users\/4"}],"replies":[{"embeddable":true,"href":"https:\/\/oasisfm935.com.ar\/site\/wp-json\/wp\/v2\/comments?post=7961"}],"version-history":[{"count":2,"href":"https:\/\/oasisfm935.com.ar\/site\/wp-json\/wp\/v2\/posts\/7961\/revisions"}],"predecessor-version":[{"id":7964,"href":"https:\/\/oasisfm935.com.ar\/site\/wp-json\/wp\/v2\/posts\/7961\/revisions\/7964"}],"wp:featuredmedia":[{"embeddable":true,"href":"https:\/\/oasisfm935.com.ar\/site\/wp-json\/wp\/v2\/media\/7760"}],"wp:attachment":[{"href":"https:\/\/oasisfm935.com.ar\/site\/wp-json\/wp\/v2\/media?parent=7961"}],"wp:term":[{"taxonomy":"category","embeddable":true,"href":"https:\/\/oasisfm935.com.ar\/site\/wp-json\/wp\/v2\/categories?post=7961"},{"taxonomy":"post_tag","embeddable":true,"href":"https:\/\/oasisfm935.com.ar\/site\/wp-json\/wp\/v2\/tags?post=7961"}],"curies":[{"name":"wp","href":"https:\/\/api.w.org\/{rel}","templated":true}]}}