{"id":7968,"date":"2020-11-07T18:25:25","date_gmt":"2020-11-07T21:25:25","guid":{"rendered":"http:\/\/oasisfm935.com\/site\/?p=7968"},"modified":"2020-11-07T18:25:25","modified_gmt":"2020-11-07T21:25:25","slug":"la-pampa-otras-dos-muertes-ya-hay-40-victimas-fatales","status":"publish","type":"post","link":"https:\/\/oasisfm935.com.ar\/site\/la-pampa-otras-dos-muertes-ya-hay-40-victimas-fatales\/","title":{"rendered":"La Pampa: Otras dos muertes ya hay 40 v\u00edctimas fatales."},"content":{"rendered":"<p><strong>Fallecieron dos pacientes pampeanos de 80 y de 65 a\u00f1os<\/strong>. Ambos estaban internados en el CEAR.\u00a0<strong>Ya hubo en la provincia 40 fallecimientos.<\/strong><\/p>\n<p>El coronavirus se cobr\u00f3 otras dos v\u00edctimas fatales en La Pampa y ya suman 40 casos. Fallecieron pacientes de 80 y de 65 a\u00f1os.<\/p>\n<p>El Gobierno de la provincia de La Pampa, a trav\u00e9s del Ministerio de Salud, confirm\u00f3 que en la noche del viernes se produjo el fallecimiento de un hombre internado en la ciudad de Santa Rosa, a ra\u00edz de un caso de coronavirus.<\/p>\n<p>El paciente ten\u00eda 65 a\u00f1os y permaneci\u00f3 internado durante 25 d\u00edas en el Centro Emergente de Asistencia Respiratoria (CEAR) de la ciudad capital, de donde era oriundo.<\/p>\n<p>Hab\u00eda sido alojado en el centro sanitario por presentar patolog\u00eda respiratoria COVID-19 positivo.<\/p>\n<p>En el otro caso, luego de cursar 16 d\u00edas de internaci\u00f3n en el Centro de Emergente de Asistencia Respiratoria, falleci\u00f3 un hombre de 80 a\u00f1os que resid\u00eda en Santa Rosa<\/p>\n<div class=\"oasis-despues-del-contenido\" id=\"oasis-1153366147\"><img loading=\"lazy\" decoding=\"async\" src=\"https:\/\/oasisfm935.com.ar\/site\/wp-content\/uploads\/2020\/08\/47806202-8741-49f2-a5c9-d2f930e5baa1.jpg\" alt=\"\"  srcset=\"https:\/\/oasisfm935.com.ar\/site\/wp-content\/uploads\/2020\/08\/47806202-8741-49f2-a5c9-d2f930e5baa1.jpg 1080w, https:\/\/oasisfm935.com.ar\/site\/wp-content\/uploads\/2020\/08\/47806202-8741-49f2-a5c9-d2f930e5baa1-300x300.jpg 300w, https:\/\/oasisfm935.com.ar\/site\/wp-content\/uploads\/2020\/08\/47806202-8741-49f2-a5c9-d2f930e5baa1-1024x1024.jpg 1024w, https:\/\/oasisfm935.com.ar\/site\/wp-content\/uploads\/2020\/08\/47806202-8741-49f2-a5c9-d2f930e5baa1-150x150.jpg 150w, https:\/\/oasisfm935.com.ar\/site\/wp-content\/uploads\/2020\/08\/47806202-8741-49f2-a5c9-d2f930e5baa1-768x768.jpg 768w\" sizes=\"(max-width: 1080px) 100vw, 1080px\" class=\"no-lazyload\" width=\"1080\" height=\"1080\"  style=\"display: inline-block;\" \/><\/div>","protected":false},"excerpt":{"rendered":"<p>Fallecieron dos pacientes pampeanos de 80 y de 65 a\u00f1os. Ambos estaban internados en el CEAR.\u00a0Ya hubo en la provincia 40 fallecimientos.<\/p>\n","protected":false},"author":4,"featured_media":7969,"comment_status":"closed","ping_status":"open","sticky":false,"template":"","format":"standard","meta":{"colormag_page_layout":"default_layout","footnotes":""},"categories":[2],"tags":[],"class_list":["post-7968","post","type-post","status-publish","format-standard","has-post-thumbnail","hentry","category-noticias"],"_links":{"self":[{"href":"https:\/\/oasisfm935.com.ar\/site\/wp-json\/wp\/v2\/posts\/7968","targetHints":{"allow":["GET"]}}],"collection":[{"href":"https:\/\/oasisfm935.com.ar\/site\/wp-json\/wp\/v2\/posts"}],"about":[{"href":"https:\/\/oasisfm935.com.ar\/site\/wp-json\/wp\/v2\/types\/post"}],"author":[{"embeddable":true,"href":"https:\/\/oasisfm935.com.ar\/site\/wp-json\/wp\/v2\/users\/4"}],"replies":[{"embeddable":true,"href":"https:\/\/oasisfm935.com.ar\/site\/wp-json\/wp\/v2\/comments?post=7968"}],"version-history":[{"count":1,"href":"https:\/\/oasisfm935.com.ar\/site\/wp-json\/wp\/v2\/posts\/7968\/revisions"}],"predecessor-version":[{"id":7970,"href":"https:\/\/oasisfm935.com.ar\/site\/wp-json\/wp\/v2\/posts\/7968\/revisions\/7970"}],"wp:featuredmedia":[{"embeddable":true,"href":"https:\/\/oasisfm935.com.ar\/site\/wp-json\/wp\/v2\/media\/7969"}],"wp:attachment":[{"href":"https:\/\/oasisfm935.com.ar\/site\/wp-json\/wp\/v2\/media?parent=7968"}],"wp:term":[{"taxonomy":"category","embeddable":true,"href":"https:\/\/oasisfm935.com.ar\/site\/wp-json\/wp\/v2\/categories?post=7968"},{"taxonomy":"post_tag","embeddable":true,"href":"https:\/\/oasisfm935.com.ar\/site\/wp-json\/wp\/v2\/tags?post=7968"}],"curies":[{"name":"wp","href":"https:\/\/api.w.org\/{rel}","templated":true}]}}