{"id":797,"date":"2019-02-19T10:11:16","date_gmt":"2019-02-19T13:11:16","guid":{"rendered":"http:\/\/oasisfm935.com\/site\/?p=797"},"modified":"2019-02-19T10:11:16","modified_gmt":"2019-02-19T13:11:16","slug":"emb-martini-ante-el-mal-estado-del-alteo-de-la-35-choco-el-guardarrail","status":"publish","type":"post","link":"https:\/\/oasisfm935.com.ar\/site\/emb-martini-ante-el-mal-estado-del-alteo-de-la-35-choco-el-guardarrail\/","title":{"rendered":"Emb. Martini: Ante el mal estado del alteo de la 35, choc\u00f3 el guardarrail"},"content":{"rendered":"<p>&nbsp;<\/p>\n<div class=\"itemIntroText\">\n<p>El siniestro ocurri\u00f3 esta madrugada. El auto sufri\u00f3 serios da\u00f1os.<\/p>\n<\/div>\n<div class=\"itemFullText\">\n<p>Seg\u00fan lo narrado por el Oficial Principal, N\u00e9stor Klundt, recientemente llegado a la comisar\u00eda de Embajador Martini, el siniestro se registr\u00f3 a las 3:45 de esta madrugada en la Ruta Nacional 35, en el km 462, altura del alteo de embajador Martini.<\/p>\n<blockquote><p>\u201cAparentemente seg\u00fan lo comentado por el conductor a la polic\u00eda, perdi\u00f3 el control cuando quiso esquivar los separadores de carril sobre el alteo y ante la presencia de grandes baches, impacto de lleno contra el guardarrail \u00a0de la 35\u201d explic\u00f3 el encargado policial.<\/p>\n<p><a href=\"http:\/\/oasisfm935.com\/site\/wp-content\/uploads\/2019\/02\/52444222_258507911704811_6733775234203123712_n.jpg\"><img loading=\"lazy\" decoding=\"async\" class=\"alignnone size-full wp-image-798\" src=\"http:\/\/oasisfm935.com\/site\/wp-content\/uploads\/2019\/02\/52444222_258507911704811_6733775234203123712_n.jpg\" alt=\"\" width=\"900\" height=\"506\" srcset=\"https:\/\/oasisfm935.com.ar\/site\/wp-content\/uploads\/2019\/02\/52444222_258507911704811_6733775234203123712_n.jpg 900w, https:\/\/oasisfm935.com.ar\/site\/wp-content\/uploads\/2019\/02\/52444222_258507911704811_6733775234203123712_n-300x169.jpg 300w, https:\/\/oasisfm935.com.ar\/site\/wp-content\/uploads\/2019\/02\/52444222_258507911704811_6733775234203123712_n-768x432.jpg 768w, https:\/\/oasisfm935.com.ar\/site\/wp-content\/uploads\/2019\/02\/52444222_258507911704811_6733775234203123712_n-678x381.jpg 678w\" sizes=\"auto, (max-width: 900px) 100vw, 900px\" \/><\/a><\/p><\/blockquote>\n<p>Se trata de un\u00a0<strong>Gol Trend,<\/strong>\u00a0conducido por un hombre identificado como S\u00e1nchez Octavio Arturo de\u00a0<strong>70 a\u00f1os de Villa Regina, R\u00edo Negro<\/strong>. El masculino ven\u00eda solo y se dirig\u00eda de sur a norte con rumbo a C\u00f3rdoba.<\/p>\n<blockquote><p>Cabe mencionar que el conductor solo recibi\u00f3 golpes leves. Pero si su autom\u00f3vil sufri\u00f3 serios da\u00f1os productos del impacto. El veh\u00edculo debi\u00f3 ser trasladado por una gr\u00faa.<\/p><\/blockquote>\n<p>Trabajaron en el lugar personal policial y Bomberos Voluntarios de Embajador Martini.<\/p>\n<\/div>\n<p>Fuente: Zonal Noticias<\/p>\n<div class=\"oasis-despues-del-contenido\" id=\"oasis-3132744966\"><img loading=\"lazy\" decoding=\"async\" src=\"https:\/\/oasisfm935.com.ar\/site\/wp-content\/uploads\/2020\/08\/47806202-8741-49f2-a5c9-d2f930e5baa1.jpg\" alt=\"\"  srcset=\"https:\/\/oasisfm935.com.ar\/site\/wp-content\/uploads\/2020\/08\/47806202-8741-49f2-a5c9-d2f930e5baa1.jpg 1080w, https:\/\/oasisfm935.com.ar\/site\/wp-content\/uploads\/2020\/08\/47806202-8741-49f2-a5c9-d2f930e5baa1-300x300.jpg 300w, https:\/\/oasisfm935.com.ar\/site\/wp-content\/uploads\/2020\/08\/47806202-8741-49f2-a5c9-d2f930e5baa1-1024x1024.jpg 1024w, https:\/\/oasisfm935.com.ar\/site\/wp-content\/uploads\/2020\/08\/47806202-8741-49f2-a5c9-d2f930e5baa1-150x150.jpg 150w, https:\/\/oasisfm935.com.ar\/site\/wp-content\/uploads\/2020\/08\/47806202-8741-49f2-a5c9-d2f930e5baa1-768x768.jpg 768w\" sizes=\"(max-width: 1080px) 100vw, 1080px\" class=\"no-lazyload\" width=\"1080\" height=\"1080\"  style=\"display: inline-block;\" \/><\/div>","protected":false},"excerpt":{"rendered":"<p>&nbsp; El siniestro ocurri\u00f3 esta madrugada. El auto sufri\u00f3 serios da\u00f1os. Seg\u00fan lo narrado por el Oficial Principal, N\u00e9stor Klundt, recientemente llegado<\/p>\n","protected":false},"author":4,"featured_media":799,"comment_status":"closed","ping_status":"open","sticky":false,"template":"","format":"standard","meta":{"colormag_page_layout":"default_layout","footnotes":""},"categories":[2],"tags":[],"class_list":["post-797","post","type-post","status-publish","format-standard","has-post-thumbnail","hentry","category-noticias"],"_links":{"self":[{"href":"https:\/\/oasisfm935.com.ar\/site\/wp-json\/wp\/v2\/posts\/797","targetHints":{"allow":["GET"]}}],"collection":[{"href":"https:\/\/oasisfm935.com.ar\/site\/wp-json\/wp\/v2\/posts"}],"about":[{"href":"https:\/\/oasisfm935.com.ar\/site\/wp-json\/wp\/v2\/types\/post"}],"author":[{"embeddable":true,"href":"https:\/\/oasisfm935.com.ar\/site\/wp-json\/wp\/v2\/users\/4"}],"replies":[{"embeddable":true,"href":"https:\/\/oasisfm935.com.ar\/site\/wp-json\/wp\/v2\/comments?post=797"}],"version-history":[{"count":1,"href":"https:\/\/oasisfm935.com.ar\/site\/wp-json\/wp\/v2\/posts\/797\/revisions"}],"predecessor-version":[{"id":800,"href":"https:\/\/oasisfm935.com.ar\/site\/wp-json\/wp\/v2\/posts\/797\/revisions\/800"}],"wp:featuredmedia":[{"embeddable":true,"href":"https:\/\/oasisfm935.com.ar\/site\/wp-json\/wp\/v2\/media\/799"}],"wp:attachment":[{"href":"https:\/\/oasisfm935.com.ar\/site\/wp-json\/wp\/v2\/media?parent=797"}],"wp:term":[{"taxonomy":"category","embeddable":true,"href":"https:\/\/oasisfm935.com.ar\/site\/wp-json\/wp\/v2\/categories?post=797"},{"taxonomy":"post_tag","embeddable":true,"href":"https:\/\/oasisfm935.com.ar\/site\/wp-json\/wp\/v2\/tags?post=797"}],"curies":[{"name":"wp","href":"https:\/\/api.w.org\/{rel}","templated":true}]}}