{"id":7976,"date":"2020-11-07T21:08:19","date_gmt":"2020-11-08T00:08:19","guid":{"rendered":"http:\/\/oasisfm935.com\/site\/?p=7976"},"modified":"2020-11-07T21:08:19","modified_gmt":"2020-11-08T00:08:19","slug":"coronavirus-la-pampa-hoy-se-registraron-78-nuevos-casos-ingeniero-luiggi-sigue-con-1-caso-de-coronavirus","status":"publish","type":"post","link":"https:\/\/oasisfm935.com.ar\/site\/coronavirus-la-pampa-hoy-se-registraron-78-nuevos-casos-ingeniero-luiggi-sigue-con-1-caso-de-coronavirus\/","title":{"rendered":"Coronavirus La Pampa: Hoy se registraron 78 nuevos casos, Ingeniero Luiggi sigue con 1 caso de Coronavirus"},"content":{"rendered":"<p>El Gobierno de la provincia de La Pampa a trav\u00e9s del Ministerio de Salud comunica que en horas de la tarde del d\u00eda 7 de noviembre, se finaliz\u00f3 con el procesamiento de 312 muestras analizadas en los laboratorios de la Direcci\u00f3n de Epidemiolog\u00eda y de los Hospitales Gobernador Centeno y Lucio Molas, de las cuales 78 resultaron positivas para COVID-19.<\/p>\n<p>De ellos 23 residen en Santa Rosa, 18 en General Pico, 5 en Trenel, 5 en Macach\u00edn, 4 en Winifreda, 4 en Catril\u00f3, 4 en Eduardo Castex, 3 en Quem\u00fa Quem\u00fa, 3 en Realic\u00f3, 3 en Toay, 2 en Uriburu, 2 en La Adela, 1 en General Acha y 1 en Doblas.<\/p>\n<p>De los 78 casos confirmados en la tarde de hoy, 43 se encontraban aislados por ser considerados contactos estrechos, mientras que 35 casos contin\u00faan en investigaci\u00f3n epidemiol\u00f3gica.<\/p>\n<p><strong>B\u00fasqueda activa y test de ant\u00edgenos\u00a0<\/strong><br \/>\nEn el d\u00eda de la fecha se llev\u00f3 a cabo la estrategia de B\u00fasqueda Activa en el barrio Villa Parque de Santa Rosa, donde se visitaron 122 hogares y se entrevist\u00f3 a 661 personas. El objetivo fue detectar los pacientes sintom\u00e1ticos compatibles con la enfermedad, que luego fueron hisopados y analizados por diagn\u00f3stico de ant\u00edgenos. A cada uno de los ciudadanos entrevistados se les record\u00f3 las medidas de prevenci\u00f3n, que son las \u00fanicas herramientas con la que se cuenta para hacer frente a este coronavirus.<\/p>\n<p>Santa Rosa: en la b\u00fasqueda activa en Villa Parque se identificaron 20 sintom\u00e1ticos, que fueron hisopados, todos arrojaron resultado negativo.<\/p>\n<div class=\"nota-detalle-cuerpo\">Hospital Evita: 3 hisopados todos positivos de Santa Rosa.<br \/>\nToay: se realizaron 13 hisopados a sintom\u00e1ticos de los cuales 1 result\u00f3 positivo.<br \/>\nLaboratorio privado de Realic\u00f3: 1 test r\u00e1pido positivo.<br \/>\nLas personas que resultaron positivo para COVID-19 fueron autom\u00e1ticamente aisladas, al igual que sus contactos estrechos que est\u00e1n en seguimiento. Los diagn\u00f3sticos negativos ser\u00e1n analizados por la t\u00e9cnica de PCR.<\/p>\n<p><strong>Situaci\u00f3n Provincial\u00a0\u00a0<\/strong><br \/>\nDesde el inicio de la pandemia, en la Provincia, se registraron un total 3994 casos positivos para COVID-19, de los cuales 1093 permanecen activos, 40 han fallecido y 2861 se han recuperado, entre estos \u00faltimos se encuentran, 49 personas de Santa Rosa, 17 de General Pico, 8 de Macach\u00edn, 7 de Toay, 5 de Realic\u00f3, 4 de Victorica, 1 de Catril\u00f3.<br \/>\nLos casos confirmados activos est\u00e1n distribuidos de la siguiente manera:\u00a0 546 en la ciudad de Santa Rosa, 188 en General Pico, 46 en Toay,\u00a0 44 en Eduardo Castex, 37 en 25 de Mayo,\u00a0 39 en Realic\u00f3, 13 en Macach\u00edn,\u00a0 6 en Victorica, 26 en Quem\u00fa Quem\u00fa, 15 en Catril\u00f3, 32 en Trenel, 9 en La Adela, 1 en General Campos, 6 en Guatrach\u00e9, 2 en Ataliva Roca, 4 en Uriburu, 22 en Winifreda, 5 en General Acha, 3 de Abramo, 3 en Alpachiri, 1 en Anguil, 3 en Doblas, 14 en La Humada, 7 en Embajador Martini,\u00a0 1 en Lonquimay, 2 en Ojeda, 3 en Alta Italia, 1 en Quehu\u00e9, 2 en Limay Mahuida, 8 en Santa Mar\u00eda, 1 en Gobernador Duval, 1 en Luiggi, 1 en Bernasconi y 1 en Puel\u00e9n.<br \/>\nAl d\u00eda de la fecha se encuentran aisladas un total de 8004 personas en toda la Provincia.<\/p>\n<p><strong>Personas internadas\u00a0\u00a0<\/strong><br \/>\nSe encuentran internadas 60 personas confirmadas para COVID-19. En General Pico 23 personas internadas, de ellos 16 en modulares y 7 en terapia intensiva. En Santa Rosa se encuentran internadas 32 personas, de ellas 7 en cl\u00ednica m\u00e9dica, 11 en terapia intensiva y 14 en modulares. En el Hospital Evita de Santa Rosa 4 personas internadas en cl\u00ednica m\u00e9dica. En el Hospital de la localidad de Realic\u00f3 1 persona en cl\u00ednica m\u00e9dica.<\/div>\n<div><a href=\"http:\/\/oasisfm935.com\/site\/wp-content\/uploads\/2020\/11\/5fa72833acfb7.jpg\"><img loading=\"lazy\" decoding=\"async\" class=\"alignnone size-full wp-image-7977\" src=\"http:\/\/oasisfm935.com\/site\/wp-content\/uploads\/2020\/11\/5fa72833acfb7.jpg\" alt=\"\" width=\"1202\" height=\"964\" srcset=\"https:\/\/oasisfm935.com.ar\/site\/wp-content\/uploads\/2020\/11\/5fa72833acfb7.jpg 1202w, https:\/\/oasisfm935.com.ar\/site\/wp-content\/uploads\/2020\/11\/5fa72833acfb7-300x241.jpg 300w, https:\/\/oasisfm935.com.ar\/site\/wp-content\/uploads\/2020\/11\/5fa72833acfb7-1024x821.jpg 1024w, https:\/\/oasisfm935.com.ar\/site\/wp-content\/uploads\/2020\/11\/5fa72833acfb7-768x616.jpg 768w\" sizes=\"auto, (max-width: 1202px) 100vw, 1202px\" \/><\/a><\/div>\n<div><\/div>\n<footer>\n<div class=\"row\">\n<div class=\"col-md-12 col-xs-12\"><\/div>\n<\/div>\n<\/footer>\n<div class=\"oasis-despues-del-contenido\" id=\"oasis-370735760\"><img loading=\"lazy\" decoding=\"async\" src=\"https:\/\/oasisfm935.com.ar\/site\/wp-content\/uploads\/2020\/08\/47806202-8741-49f2-a5c9-d2f930e5baa1.jpg\" alt=\"\"  srcset=\"https:\/\/oasisfm935.com.ar\/site\/wp-content\/uploads\/2020\/08\/47806202-8741-49f2-a5c9-d2f930e5baa1.jpg 1080w, https:\/\/oasisfm935.com.ar\/site\/wp-content\/uploads\/2020\/08\/47806202-8741-49f2-a5c9-d2f930e5baa1-300x300.jpg 300w, https:\/\/oasisfm935.com.ar\/site\/wp-content\/uploads\/2020\/08\/47806202-8741-49f2-a5c9-d2f930e5baa1-1024x1024.jpg 1024w, https:\/\/oasisfm935.com.ar\/site\/wp-content\/uploads\/2020\/08\/47806202-8741-49f2-a5c9-d2f930e5baa1-150x150.jpg 150w, https:\/\/oasisfm935.com.ar\/site\/wp-content\/uploads\/2020\/08\/47806202-8741-49f2-a5c9-d2f930e5baa1-768x768.jpg 768w\" sizes=\"(max-width: 1080px) 100vw, 1080px\" class=\"no-lazyload\" width=\"1080\" height=\"1080\"  style=\"display: inline-block;\" \/><\/div>","protected":false},"excerpt":{"rendered":"<p>El Gobierno de la provincia de La Pampa a trav\u00e9s del Ministerio de Salud comunica que en horas de la tarde del<\/p>\n","protected":false},"author":4,"featured_media":7978,"comment_status":"closed","ping_status":"open","sticky":false,"template":"","format":"standard","meta":{"colormag_page_layout":"default_layout","footnotes":""},"categories":[2],"tags":[],"class_list":["post-7976","post","type-post","status-publish","format-standard","has-post-thumbnail","hentry","category-noticias"],"_links":{"self":[{"href":"https:\/\/oasisfm935.com.ar\/site\/wp-json\/wp\/v2\/posts\/7976","targetHints":{"allow":["GET"]}}],"collection":[{"href":"https:\/\/oasisfm935.com.ar\/site\/wp-json\/wp\/v2\/posts"}],"about":[{"href":"https:\/\/oasisfm935.com.ar\/site\/wp-json\/wp\/v2\/types\/post"}],"author":[{"embeddable":true,"href":"https:\/\/oasisfm935.com.ar\/site\/wp-json\/wp\/v2\/users\/4"}],"replies":[{"embeddable":true,"href":"https:\/\/oasisfm935.com.ar\/site\/wp-json\/wp\/v2\/comments?post=7976"}],"version-history":[{"count":1,"href":"https:\/\/oasisfm935.com.ar\/site\/wp-json\/wp\/v2\/posts\/7976\/revisions"}],"predecessor-version":[{"id":7979,"href":"https:\/\/oasisfm935.com.ar\/site\/wp-json\/wp\/v2\/posts\/7976\/revisions\/7979"}],"wp:featuredmedia":[{"embeddable":true,"href":"https:\/\/oasisfm935.com.ar\/site\/wp-json\/wp\/v2\/media\/7978"}],"wp:attachment":[{"href":"https:\/\/oasisfm935.com.ar\/site\/wp-json\/wp\/v2\/media?parent=7976"}],"wp:term":[{"taxonomy":"category","embeddable":true,"href":"https:\/\/oasisfm935.com.ar\/site\/wp-json\/wp\/v2\/categories?post=7976"},{"taxonomy":"post_tag","embeddable":true,"href":"https:\/\/oasisfm935.com.ar\/site\/wp-json\/wp\/v2\/tags?post=7976"}],"curies":[{"name":"wp","href":"https:\/\/api.w.org\/{rel}","templated":true}]}}