{"id":7980,"date":"2020-11-08T11:27:56","date_gmt":"2020-11-08T14:27:56","guid":{"rendered":"http:\/\/oasisfm935.com\/site\/?p=7980"},"modified":"2020-11-08T11:27:56","modified_gmt":"2020-11-08T14:27:56","slug":"alerta-meteorologica-para-la-pampa","status":"publish","type":"post","link":"https:\/\/oasisfm935.com.ar\/site\/alerta-meteorologica-para-la-pampa\/","title":{"rendered":"Alerta meteorol\u00f3gica para La Pampa"},"content":{"rendered":"<p>El Servicio Meteorol\u00f3gico Nacional emiti\u00f3 una alerta meteorol\u00f3gica para La Pampa y parte de otras provincias de la regi\u00f3n.<\/p>\n<p>La informaci\u00f3n advierte sobre el registro de tormentas intensas que podr\u00edan llegar a tener valores de precipitaci\u00f3n por encima de los 50 mm<\/p>\n<p>El comunicado del SMN fue difundido a las 9:30hs. y ser\u00e1 actualizado a las 15:30 hs.<\/p>\n<h2>Tormentas intensas\u00a0<small>(Alerta Meteorol\u00f3gico Nro 5)<\/small><\/h2>\n<ul>\n<li><strong>\u00a0Zonas:<\/strong>\u00a0<strong>La Pampa<\/strong>, Sur de Mendoza, Centro y este de Neuqu\u00e9n, Centro y este de R\u00edo Negro, Sur de San Luis<\/li>\n<\/ul>\n<p>Se registran tormentas en el este de R\u00edo Negro y el sur de\u00a0<strong>La Pampa<\/strong>. Estos fen\u00f3menos tender\u00e1n a intensificarse y generalizarse al resto de la regi\u00f3n, principalmente desde la tarde de hoy, pudiendo ser localmente fuertes y estar acompa\u00f1ados de abundante ca\u00edda de agua en cortos per\u00edodos, intensas r\u00e1fagas, fuerte actividad el\u00e9ctrica y ocasional ca\u00edda de granizo. Se prev\u00e9n valores de precipitaci\u00f3n acumulada entre 20 y 40 mm, pudiendo superar los 50 mm de forma puntual en el\u00a0<strong>sur de La Pampa<\/strong>\u00a0y norte de R\u00edo Negro. Dichas condiciones se mantendr\u00e1n por lo menos hasta el mediod\u00eda del lunes 9.<\/p>\n<ul>\n<li><strong>\u00a0Fecha de emisi\u00f3n:<\/strong>\u00a008-11-2020 a las 09:30hs<\/li>\n<li><strong>\u00a0Pr\u00f3xima Actualizaci\u00f3n:<\/strong>\u00a015:30hs<\/li>\n<\/ul>\n<div class=\"oasis-despues-del-contenido\" id=\"oasis-3934881854\"><img loading=\"lazy\" decoding=\"async\" src=\"https:\/\/oasisfm935.com.ar\/site\/wp-content\/uploads\/2020\/08\/47806202-8741-49f2-a5c9-d2f930e5baa1.jpg\" alt=\"\"  srcset=\"https:\/\/oasisfm935.com.ar\/site\/wp-content\/uploads\/2020\/08\/47806202-8741-49f2-a5c9-d2f930e5baa1.jpg 1080w, https:\/\/oasisfm935.com.ar\/site\/wp-content\/uploads\/2020\/08\/47806202-8741-49f2-a5c9-d2f930e5baa1-300x300.jpg 300w, https:\/\/oasisfm935.com.ar\/site\/wp-content\/uploads\/2020\/08\/47806202-8741-49f2-a5c9-d2f930e5baa1-1024x1024.jpg 1024w, https:\/\/oasisfm935.com.ar\/site\/wp-content\/uploads\/2020\/08\/47806202-8741-49f2-a5c9-d2f930e5baa1-150x150.jpg 150w, https:\/\/oasisfm935.com.ar\/site\/wp-content\/uploads\/2020\/08\/47806202-8741-49f2-a5c9-d2f930e5baa1-768x768.jpg 768w\" sizes=\"(max-width: 1080px) 100vw, 1080px\" class=\"no-lazyload\" width=\"1080\" height=\"1080\"  style=\"display: inline-block;\" \/><\/div>","protected":false},"excerpt":{"rendered":"<p>El Servicio Meteorol\u00f3gico Nacional emiti\u00f3 una alerta meteorol\u00f3gica para La Pampa y parte de otras provincias de la regi\u00f3n. La informaci\u00f3n advierte<\/p>\n","protected":false},"author":4,"featured_media":7981,"comment_status":"closed","ping_status":"open","sticky":false,"template":"","format":"standard","meta":{"colormag_page_layout":"default_layout","footnotes":""},"categories":[2],"tags":[],"class_list":["post-7980","post","type-post","status-publish","format-standard","has-post-thumbnail","hentry","category-noticias"],"_links":{"self":[{"href":"https:\/\/oasisfm935.com.ar\/site\/wp-json\/wp\/v2\/posts\/7980","targetHints":{"allow":["GET"]}}],"collection":[{"href":"https:\/\/oasisfm935.com.ar\/site\/wp-json\/wp\/v2\/posts"}],"about":[{"href":"https:\/\/oasisfm935.com.ar\/site\/wp-json\/wp\/v2\/types\/post"}],"author":[{"embeddable":true,"href":"https:\/\/oasisfm935.com.ar\/site\/wp-json\/wp\/v2\/users\/4"}],"replies":[{"embeddable":true,"href":"https:\/\/oasisfm935.com.ar\/site\/wp-json\/wp\/v2\/comments?post=7980"}],"version-history":[{"count":1,"href":"https:\/\/oasisfm935.com.ar\/site\/wp-json\/wp\/v2\/posts\/7980\/revisions"}],"predecessor-version":[{"id":7982,"href":"https:\/\/oasisfm935.com.ar\/site\/wp-json\/wp\/v2\/posts\/7980\/revisions\/7982"}],"wp:featuredmedia":[{"embeddable":true,"href":"https:\/\/oasisfm935.com.ar\/site\/wp-json\/wp\/v2\/media\/7981"}],"wp:attachment":[{"href":"https:\/\/oasisfm935.com.ar\/site\/wp-json\/wp\/v2\/media?parent=7980"}],"wp:term":[{"taxonomy":"category","embeddable":true,"href":"https:\/\/oasisfm935.com.ar\/site\/wp-json\/wp\/v2\/categories?post=7980"},{"taxonomy":"post_tag","embeddable":true,"href":"https:\/\/oasisfm935.com.ar\/site\/wp-json\/wp\/v2\/tags?post=7980"}],"curies":[{"name":"wp","href":"https:\/\/api.w.org\/{rel}","templated":true}]}}