{"id":7985,"date":"2020-11-08T20:49:12","date_gmt":"2020-11-08T23:49:12","guid":{"rendered":"http:\/\/oasisfm935.com\/site\/?p=7985"},"modified":"2020-11-08T20:49:12","modified_gmt":"2020-11-08T23:49:12","slug":"hoy-se-registraron-78-nuevos-casos-de-coronavirus-en-la-pampa-ingeniero-luiggi-no-reporto-ningun-caso","status":"publish","type":"post","link":"https:\/\/oasisfm935.com.ar\/site\/hoy-se-registraron-78-nuevos-casos-de-coronavirus-en-la-pampa-ingeniero-luiggi-no-reporto-ningun-caso\/","title":{"rendered":"Hoy se registraron 78 nuevos casos de Coronavirus en La Pampa, Ingeniero Luiggi no reporto ning\u00fan caso"},"content":{"rendered":"<p>De ellos, 56 eran contactos estrechos y 22 contin\u00faan en etapa de investigaci\u00f3n epidemiol\u00f3gica. Hasta el presente reporte, en La Pampa, se encuentran aisladas 7.799 personas.<\/p>\n<p>El Gobierno de la provincia de La Pampa, a trav\u00e9s del Ministerio de Salud, comunic\u00f3 que en horas de la tarde del d\u00eda 8 de noviembre se finaliz\u00f3 con el procesamiento de 260 muestras en los laboratorios de la Direcci\u00f3n de Epidemiolog\u00eda y del Establecimiento Asistencial Gobernador Centeno y Lucio Molas, de las cuales 78 resultaron positivas para COVID-19.\u00a0<strong> De ellas 48 corresponden a residentes de Santa Rosa, 12 de General Pico, 5 de Toay, 2 de Quem\u00fa Quem\u00fa, 2 de Winifreda, 2 de Eduardo Castex, 2 de Realic\u00f3, 2 de Trenel, 1 de Gobernador Duval, 1 de Miguel Can\u00e9 y 1 de Mauricio Mayer.<\/strong><br \/>\n<strong>De los 78 casos confirmados en la tarde de hoy, 56 se encontraban aislados por ser considerados contactos estrechos, mientras que 22 casos contin\u00faan en investigaci\u00f3n epidemiol\u00f3gica.<\/strong><\/p>\n<p><strong>Fe de erratas<\/strong>:<br \/>\nSalud P\u00fabica considera importante aclarar que un caso confirmado en el d\u00eda de la v\u00edspera para la ciudad de General Pico, la investigaci\u00f3n epidemiol\u00f3gica posterior determin\u00f3 que correspond\u00eda a la localidad de Quem\u00fa Quem\u00fa.<\/p>\n<p><strong>Test de ant\u00edgenos<\/strong><br \/>\nToay: se realizaron 11 hisopados a sintom\u00e1ticos de los cuales 4 resultaron positivos.<br \/>\nSanta Rosa (Hospital Evita): se realizaron 2 hisopados que resultaron negativos para COVID-19.<br \/>\nLas personas que resultaron positivo para COVID-19 fueron autom\u00e1ticamente aisladas, al igual que sus contactos estrechos que est\u00e1n en seguimiento. Los diagn\u00f3sticos negativos ser\u00e1n analizados por la t\u00e9cnica de PCR.<\/p>\n<p><strong>Situaci\u00f3n provincial:\u00a0<\/strong><br \/>\nDesde el inicio de la pandemia, en la Provincia, se registraron un total de 4.072 casos positivos para COVID-19, de los cuales 1.086 permanecen activos, 40 han fallecido y 2.946 se han recuperado, entre estos \u00faltimos se encuentran, 54 personas de Santa Rosa, 10 de General Pico, 7 de Catril\u00f3, 5 de Realic\u00f3, 4 de Eduardo Castex, 3 de Toay, 1 de Trenel, 1 de La Adela.<\/p>\n<p>Los casos confirmados activos est\u00e1n distribuidos de la siguiente manera:\u00a0 540 en la ciudad de Santa Rosa, 189 en General Pico, 48 en Toay,\u00a0 42 en Eduardo Castex, 37 en 25 de Mayo, 36 en Realic\u00f3, 33 en Trenel,\u00a0 24 en Winifreda, 29 en Quem\u00fa Quem\u00fa, 14 en La Humada, 13 en Macach\u00edn, 8 en Catril\u00f3, 8 en Colonia Santa Mar\u00eda,\u00a0 8 en La Adela,7 en Embajador Martini,\u00a0 6 en Guatrach\u00e9,6 en Victorica, 5 en General Acha, 2 en Ataliva Roca, 4 en Uriburu , 3 de Abramo, 3 en Alpachiri, 1 en Anguil, 3 en Doblas, 1 en General Campos, 1 en Lonquimay, 2 en Ojeda, 3 en Alta Italia, 1 en Quehu\u00e9, 2 en Limay Mahuida, 2 en Gobernador Duval, 1 en Ingeniero Luiggi, 1 en Bernasconi, 1 en Puel\u00e9n, 1 en Miguel Can\u00e9 y 1 en Mauricio Mayer.<br \/>\nAl d\u00eda de la fecha se encuentran aisladas un total de 7.799 personas en toda la Provincia.<\/p>\n<p><strong>Pacientes internados:\u00a0<\/strong><br \/>\nSe encuentran internados 66 pacientes confirmados para COVID-19. En General Pico 22 pacientes, 15 de ellos en modulares y 7 en sala de terapia intensiva. En Santa Rosa 35 pacientes, 11 de ellos en cl\u00ednica m\u00e9dica, 11 en sala de terapia intensiva y 13 en modulares. En el Hospital Evita de Santa Rosa 6 pacientes en cl\u00ednica m\u00e9dica; en el Hospital de Catril\u00f3 2 pacientes y en el Hospital de la Realic\u00f3, 1 paciente en cl\u00ednica m\u00e9dica.<\/p>\n<div class=\"oasis-despues-del-contenido\" id=\"oasis-845826957\"><img loading=\"lazy\" decoding=\"async\" src=\"https:\/\/oasisfm935.com.ar\/site\/wp-content\/uploads\/2020\/08\/47806202-8741-49f2-a5c9-d2f930e5baa1.jpg\" alt=\"\"  srcset=\"https:\/\/oasisfm935.com.ar\/site\/wp-content\/uploads\/2020\/08\/47806202-8741-49f2-a5c9-d2f930e5baa1.jpg 1080w, https:\/\/oasisfm935.com.ar\/site\/wp-content\/uploads\/2020\/08\/47806202-8741-49f2-a5c9-d2f930e5baa1-300x300.jpg 300w, https:\/\/oasisfm935.com.ar\/site\/wp-content\/uploads\/2020\/08\/47806202-8741-49f2-a5c9-d2f930e5baa1-1024x1024.jpg 1024w, https:\/\/oasisfm935.com.ar\/site\/wp-content\/uploads\/2020\/08\/47806202-8741-49f2-a5c9-d2f930e5baa1-150x150.jpg 150w, https:\/\/oasisfm935.com.ar\/site\/wp-content\/uploads\/2020\/08\/47806202-8741-49f2-a5c9-d2f930e5baa1-768x768.jpg 768w\" sizes=\"(max-width: 1080px) 100vw, 1080px\" class=\"no-lazyload\" width=\"1080\" height=\"1080\"  style=\"display: inline-block;\" \/><\/div>","protected":false},"excerpt":{"rendered":"<p>De ellos, 56 eran contactos estrechos y 22 contin\u00faan en etapa de investigaci\u00f3n epidemiol\u00f3gica. Hasta el presente reporte, en La Pampa, se<\/p>\n","protected":false},"author":4,"featured_media":7986,"comment_status":"closed","ping_status":"open","sticky":false,"template":"","format":"standard","meta":{"colormag_page_layout":"default_layout","footnotes":""},"categories":[2],"tags":[],"class_list":["post-7985","post","type-post","status-publish","format-standard","has-post-thumbnail","hentry","category-noticias"],"_links":{"self":[{"href":"https:\/\/oasisfm935.com.ar\/site\/wp-json\/wp\/v2\/posts\/7985","targetHints":{"allow":["GET"]}}],"collection":[{"href":"https:\/\/oasisfm935.com.ar\/site\/wp-json\/wp\/v2\/posts"}],"about":[{"href":"https:\/\/oasisfm935.com.ar\/site\/wp-json\/wp\/v2\/types\/post"}],"author":[{"embeddable":true,"href":"https:\/\/oasisfm935.com.ar\/site\/wp-json\/wp\/v2\/users\/4"}],"replies":[{"embeddable":true,"href":"https:\/\/oasisfm935.com.ar\/site\/wp-json\/wp\/v2\/comments?post=7985"}],"version-history":[{"count":1,"href":"https:\/\/oasisfm935.com.ar\/site\/wp-json\/wp\/v2\/posts\/7985\/revisions"}],"predecessor-version":[{"id":7987,"href":"https:\/\/oasisfm935.com.ar\/site\/wp-json\/wp\/v2\/posts\/7985\/revisions\/7987"}],"wp:featuredmedia":[{"embeddable":true,"href":"https:\/\/oasisfm935.com.ar\/site\/wp-json\/wp\/v2\/media\/7986"}],"wp:attachment":[{"href":"https:\/\/oasisfm935.com.ar\/site\/wp-json\/wp\/v2\/media?parent=7985"}],"wp:term":[{"taxonomy":"category","embeddable":true,"href":"https:\/\/oasisfm935.com.ar\/site\/wp-json\/wp\/v2\/categories?post=7985"},{"taxonomy":"post_tag","embeddable":true,"href":"https:\/\/oasisfm935.com.ar\/site\/wp-json\/wp\/v2\/tags?post=7985"}],"curies":[{"name":"wp","href":"https:\/\/api.w.org\/{rel}","templated":true}]}}