{"id":7998,"date":"2020-11-10T09:22:10","date_gmt":"2020-11-10T12:22:10","guid":{"rendered":"http:\/\/oasisfm935.com\/site\/?p=7998"},"modified":"2020-11-10T09:22:10","modified_gmt":"2020-11-10T12:22:10","slug":"la-pampa-fallece-una-paciente-de-ingeniero-luiggi-internada-en-santa-rosa","status":"publish","type":"post","link":"https:\/\/oasisfm935.com.ar\/site\/la-pampa-fallece-una-paciente-de-ingeniero-luiggi-internada-en-santa-rosa\/","title":{"rendered":"La Pampa: Fallece una paciente de Ingeniero Luiggi internada en Santa Rosa."},"content":{"rendered":"<p>El Gobierno de la provincia de La Pampa, a trav\u00e9s del Ministerio de Salud inform\u00f3 tres nuevos fallecimientos\u00a0 confirmados para Covid-19.<\/p>\n<p>En horas de la noche se produjo el fallecimiento\u00a0 de una persona de sexo femenino, de 72 a\u00f1os, que resid\u00eda en la localidad de Ingeniero Luiggi.\u00a0 Se encontraba internada en el Hospital Modular de Santa Rosa.<\/p>\n<p>Tambi\u00e9n se\u00a0 produjo el fallecimiento de una persona de sexo masculino\u00a0 de 87 a\u00f1os, que resid\u00eda en la localidad de Lonquimay. El paciente se encontraba internado en el Centro Emergente de Asistencia Respiratoria.<\/p>\n<p>De igual modo se inform\u00f3 el fallecimiento de una persona de sexo femenino de 96 a\u00f1os, que resid\u00eda en Realic\u00f3. La paciente hab\u00eda sido derivada desde una instituci\u00f3n privada de esa localidad y se encontraba internada en el Hospital Modular de General Pico.<\/p>\n<div class=\"oasis-despues-del-contenido\" id=\"oasis-4082627090\"><img loading=\"lazy\" decoding=\"async\" src=\"https:\/\/oasisfm935.com.ar\/site\/wp-content\/uploads\/2020\/08\/47806202-8741-49f2-a5c9-d2f930e5baa1.jpg\" alt=\"\"  srcset=\"https:\/\/oasisfm935.com.ar\/site\/wp-content\/uploads\/2020\/08\/47806202-8741-49f2-a5c9-d2f930e5baa1.jpg 1080w, https:\/\/oasisfm935.com.ar\/site\/wp-content\/uploads\/2020\/08\/47806202-8741-49f2-a5c9-d2f930e5baa1-300x300.jpg 300w, https:\/\/oasisfm935.com.ar\/site\/wp-content\/uploads\/2020\/08\/47806202-8741-49f2-a5c9-d2f930e5baa1-1024x1024.jpg 1024w, https:\/\/oasisfm935.com.ar\/site\/wp-content\/uploads\/2020\/08\/47806202-8741-49f2-a5c9-d2f930e5baa1-150x150.jpg 150w, https:\/\/oasisfm935.com.ar\/site\/wp-content\/uploads\/2020\/08\/47806202-8741-49f2-a5c9-d2f930e5baa1-768x768.jpg 768w\" sizes=\"(max-width: 1080px) 100vw, 1080px\" class=\"no-lazyload\" width=\"1080\" height=\"1080\"  style=\"display: inline-block;\" \/><\/div>","protected":false},"excerpt":{"rendered":"<p>El Gobierno de la provincia de La Pampa, a trav\u00e9s del Ministerio de Salud inform\u00f3 tres nuevos fallecimientos\u00a0 confirmados para Covid-19. En<\/p>\n","protected":false},"author":4,"featured_media":7999,"comment_status":"closed","ping_status":"open","sticky":false,"template":"","format":"standard","meta":{"colormag_page_layout":"default_layout","footnotes":""},"categories":[2],"tags":[],"class_list":["post-7998","post","type-post","status-publish","format-standard","has-post-thumbnail","hentry","category-noticias"],"_links":{"self":[{"href":"https:\/\/oasisfm935.com.ar\/site\/wp-json\/wp\/v2\/posts\/7998","targetHints":{"allow":["GET"]}}],"collection":[{"href":"https:\/\/oasisfm935.com.ar\/site\/wp-json\/wp\/v2\/posts"}],"about":[{"href":"https:\/\/oasisfm935.com.ar\/site\/wp-json\/wp\/v2\/types\/post"}],"author":[{"embeddable":true,"href":"https:\/\/oasisfm935.com.ar\/site\/wp-json\/wp\/v2\/users\/4"}],"replies":[{"embeddable":true,"href":"https:\/\/oasisfm935.com.ar\/site\/wp-json\/wp\/v2\/comments?post=7998"}],"version-history":[{"count":1,"href":"https:\/\/oasisfm935.com.ar\/site\/wp-json\/wp\/v2\/posts\/7998\/revisions"}],"predecessor-version":[{"id":8000,"href":"https:\/\/oasisfm935.com.ar\/site\/wp-json\/wp\/v2\/posts\/7998\/revisions\/8000"}],"wp:featuredmedia":[{"embeddable":true,"href":"https:\/\/oasisfm935.com.ar\/site\/wp-json\/wp\/v2\/media\/7999"}],"wp:attachment":[{"href":"https:\/\/oasisfm935.com.ar\/site\/wp-json\/wp\/v2\/media?parent=7998"}],"wp:term":[{"taxonomy":"category","embeddable":true,"href":"https:\/\/oasisfm935.com.ar\/site\/wp-json\/wp\/v2\/categories?post=7998"},{"taxonomy":"post_tag","embeddable":true,"href":"https:\/\/oasisfm935.com.ar\/site\/wp-json\/wp\/v2\/tags?post=7998"}],"curies":[{"name":"wp","href":"https:\/\/api.w.org\/{rel}","templated":true}]}}