{"id":8008,"date":"2020-11-10T21:55:15","date_gmt":"2020-11-11T00:55:15","guid":{"rendered":"http:\/\/oasisfm935.com\/site\/?p=8008"},"modified":"2020-11-10T21:55:15","modified_gmt":"2020-11-11T00:55:15","slug":"coronavirus-en-la-pampa-105-diagnosticos-positivos-ingeniero-luiggi-suma-1-caso-y-son-2-los-casos-activos-en-la-localidad","status":"publish","type":"post","link":"https:\/\/oasisfm935.com.ar\/site\/coronavirus-en-la-pampa-105-diagnosticos-positivos-ingeniero-luiggi-suma-1-caso-y-son-2-los-casos-activos-en-la-localidad\/","title":{"rendered":"Coronavirus en La Pampa: 105 diagn\u00f3sticos positivos, Ingeniero Luiggi suma 1 caso y son 2 los casos activos en la localidad."},"content":{"rendered":"<p>De ellos, 62 eran contactos estrechos y 43 contin\u00faan en investigaci\u00f3n epidemiol\u00f3gica. Hasta el presente reporte, en La Pampa, se encuentran aisladas 7.714 personas.<\/p>\n<p>El Gobierno de la provincia de La Pampa, a trav\u00e9s del Ministerio de Salud, comunic\u00f3 que en horas de la tarde del d\u00eda 10 de noviembre se finaliz\u00f3 con el procesamiento de 312 en los laboratorios de la Direcci\u00f3n de Epidemiolog\u00eda y del Establecimiento Asistencial Gobernador Centeno y Lucio Molas, como as\u00ed tambi\u00e9n en los diferentes Centros de Salud que analizan test de ant\u00edgenos, de las cuales 105 resultaron positivas para COVID-19. De ellas, 32 corresponden a residentes en Santa Rosa, 29 en General Pico, 13 en Catril\u00f3, 8 en Toay, 6 en 25 de Mayo, 5 en Santa Isabel, 2 en Winifreda, 2 en Trenel, 1 en Ataliva Roca, 1 en Chacharramendi, 1 en Doblas, 1 en La Adela, 1 en Anguil, 1 en Ingeniero Luiggi, 1 en Quem\u00fa Quem\u00fa y 1 en Monte Nievas<\/p>\n<p>De los 105 casos confirmados en la tarde de hoy, 62 se encontraban aislados por ser considerados contactos estrechos, mientras que 43 casos contin\u00faan en investigaci\u00f3n epidemiol\u00f3gica.<\/p>\n<p>&nbsp;<\/p>\n<p><strong>Situaci\u00f3n provincial:<\/strong><br \/>\nDesde el inicio de la pandemia, en la Provincia, se registraron un total de 4.260 casos positivos para COVID-19, de los cuales 1.057 permanecen activos, 45 han fallecido y 3.158 se han recuperado, entre estos \u00faltimos se encuentran, 50 personas de Santa Rosa, 13 de General Pico, 4 de Toay, 9 de Eduardo Castex, 5 de Realic\u00f3, 4 de Quem\u00fa Quem\u00fa, 1 de Macach\u00edn, 1 de La Adela, 3 de Embajador Martini, 2 de Ataliva Roca, 2 de Limay Mahuida, 1 de Anguil.<br \/>\nLos casos confirmados activos est\u00e1n distribuidos de la siguiente manera:\u00a0 548 en la ciudad de Santa Rosa, 168 en General Pico, 49 en Toay,\u00a0 30 en Eduardo Castex, 36 en 25 de Mayo, 25 en Realic\u00f3, 35 en Trenel,\u00a0 30 en Winifreda, 21 en Quem\u00fa Quem\u00fa, 14 en La Humada, 13 en Macach\u00edn, 21 en Catril\u00f3, 7 en Colonia Santa Mar\u00eda,\u00a0 8 en La Adela, 5 en Santa isabel,4 en Embajador Martini,\u00a0 6 en Guatrach\u00e9, 4 en Victorica, 6 en General Acha, 1 en Ataliva Roca, 4 en Uriburu , 3 en Abramo, 1 en Alpachiri, 1 en Anguil, 4 en Doblas,\u00a0 3 en Alta Italia, 1 en Quehu\u00e9, 2 en Gobernador Duval, 2 en Ingeniero Luiggi, 1 en Bernasconi, 1 en Miguel Can\u00e9, 1 en Monte Nievas, 1 en Chacharramendi y 1 en Mauricio Mayer.<\/p>\n<p>Al d\u00eda de la fecha se encuentran aisladas un total de 7.714 personas en toda la Provincia.<\/p>\n<p><strong>Pacientes internados:\u00a0<\/strong><br \/>\nSe encuentran internados 82 pacientes confirmados para COVID-19. En General Pico 21 pacientes, 14 de ellos en modulares y 7 en sala de terapia intensiva. En Santa Rosa se encuentran internados 41 pacientes, 16 de ellos en cl\u00ednica m\u00e9dica, 11 en sala de terapia intensiva y 14 en modulares. En el Hospital Evita de Santa Rosa 3 pacientes internados en cl\u00ednica m\u00e9dica. Y en el interior de la provincia se encuentran internados en cl\u00ednica m\u00e9dica:<br \/>\nHospital de Quem\u00fa Quem\u00fa: 2 pacientes<br \/>\nHospital de Colonia Bar\u00f3n: 1 paciente<br \/>\nHospital de Eduardo Castex: 1 paciente<br \/>\nHospital de Trenel: 5 pacientes<br \/>\nHospital de Parera: 1 paciente.<br \/>\nHospital de Ingeniero Luiggi: 2 pacientes<br \/>\nHospital de Rancul: 1 paciente<br \/>\nHospital de Realic\u00f3: 1 paciente<br \/>\nHospital de General Acha: 2 pacientes<br \/>\nHospital de Catril\u00f3: 1 paciente<\/p>\n<div class=\"oasis-despues-del-contenido\" id=\"oasis-868112113\"><img loading=\"lazy\" decoding=\"async\" src=\"https:\/\/oasisfm935.com.ar\/site\/wp-content\/uploads\/2020\/08\/47806202-8741-49f2-a5c9-d2f930e5baa1.jpg\" alt=\"\"  srcset=\"https:\/\/oasisfm935.com.ar\/site\/wp-content\/uploads\/2020\/08\/47806202-8741-49f2-a5c9-d2f930e5baa1.jpg 1080w, https:\/\/oasisfm935.com.ar\/site\/wp-content\/uploads\/2020\/08\/47806202-8741-49f2-a5c9-d2f930e5baa1-300x300.jpg 300w, https:\/\/oasisfm935.com.ar\/site\/wp-content\/uploads\/2020\/08\/47806202-8741-49f2-a5c9-d2f930e5baa1-1024x1024.jpg 1024w, https:\/\/oasisfm935.com.ar\/site\/wp-content\/uploads\/2020\/08\/47806202-8741-49f2-a5c9-d2f930e5baa1-150x150.jpg 150w, https:\/\/oasisfm935.com.ar\/site\/wp-content\/uploads\/2020\/08\/47806202-8741-49f2-a5c9-d2f930e5baa1-768x768.jpg 768w\" sizes=\"(max-width: 1080px) 100vw, 1080px\" class=\"no-lazyload\" width=\"1080\" height=\"1080\"  style=\"display: inline-block;\" \/><\/div>","protected":false},"excerpt":{"rendered":"<p>De ellos, 62 eran contactos estrechos y 43 contin\u00faan en investigaci\u00f3n epidemiol\u00f3gica. Hasta el presente reporte, en La Pampa, se encuentran aisladas<\/p>\n","protected":false},"author":4,"featured_media":8009,"comment_status":"closed","ping_status":"open","sticky":false,"template":"","format":"standard","meta":{"colormag_page_layout":"default_layout","footnotes":""},"categories":[2],"tags":[],"class_list":["post-8008","post","type-post","status-publish","format-standard","has-post-thumbnail","hentry","category-noticias"],"_links":{"self":[{"href":"https:\/\/oasisfm935.com.ar\/site\/wp-json\/wp\/v2\/posts\/8008","targetHints":{"allow":["GET"]}}],"collection":[{"href":"https:\/\/oasisfm935.com.ar\/site\/wp-json\/wp\/v2\/posts"}],"about":[{"href":"https:\/\/oasisfm935.com.ar\/site\/wp-json\/wp\/v2\/types\/post"}],"author":[{"embeddable":true,"href":"https:\/\/oasisfm935.com.ar\/site\/wp-json\/wp\/v2\/users\/4"}],"replies":[{"embeddable":true,"href":"https:\/\/oasisfm935.com.ar\/site\/wp-json\/wp\/v2\/comments?post=8008"}],"version-history":[{"count":1,"href":"https:\/\/oasisfm935.com.ar\/site\/wp-json\/wp\/v2\/posts\/8008\/revisions"}],"predecessor-version":[{"id":8010,"href":"https:\/\/oasisfm935.com.ar\/site\/wp-json\/wp\/v2\/posts\/8008\/revisions\/8010"}],"wp:featuredmedia":[{"embeddable":true,"href":"https:\/\/oasisfm935.com.ar\/site\/wp-json\/wp\/v2\/media\/8009"}],"wp:attachment":[{"href":"https:\/\/oasisfm935.com.ar\/site\/wp-json\/wp\/v2\/media?parent=8008"}],"wp:term":[{"taxonomy":"category","embeddable":true,"href":"https:\/\/oasisfm935.com.ar\/site\/wp-json\/wp\/v2\/categories?post=8008"},{"taxonomy":"post_tag","embeddable":true,"href":"https:\/\/oasisfm935.com.ar\/site\/wp-json\/wp\/v2\/tags?post=8008"}],"curies":[{"name":"wp","href":"https:\/\/api.w.org\/{rel}","templated":true}]}}