{"id":801,"date":"2019-02-19T10:38:50","date_gmt":"2019-02-19T13:38:50","guid":{"rendered":"http:\/\/oasisfm935.com\/site\/?p=801"},"modified":"2019-02-19T10:38:50","modified_gmt":"2019-02-19T13:38:50","slug":"verna-vamos-a-terminar-los-jardines-que-macri-prometio-y-no-hizo","status":"publish","type":"post","link":"https:\/\/oasisfm935.com.ar\/site\/verna-vamos-a-terminar-los-jardines-que-macri-prometio-y-no-hizo\/","title":{"rendered":"Verna: \u201cVamos a terminar los jardines que Macri prometi\u00f3 y no hizo\u201d"},"content":{"rendered":"<p>&nbsp;<\/p>\n<p>El gobernador\u00a0<strong>Carlos Verna<\/strong>\u00a0anunci\u00f3 que el Gobierno provincial terminar\u00e1 los jardines de infantes que Naci\u00f3n abandon\u00f3.\u00a0\u201cPorque la educaci\u00f3n es prioridad,\u00a0<strong>vamos a hacernos cargo de terminar los jardines que Macri prometi\u00f3 y no hizo<\/strong>. Mejor que decir es hacer y mejor que prometer es realizar\u201d, public\u00f3 en un tuit el mandatario provincial.<\/p>\n<p><a href=\"http:\/\/oasisfm935.com\/site\/wp-content\/uploads\/2019\/02\/macri-verna-1.jpg\"><img loading=\"lazy\" decoding=\"async\" class=\"alignnone size-full wp-image-802\" src=\"http:\/\/oasisfm935.com\/site\/wp-content\/uploads\/2019\/02\/macri-verna-1.jpg\" alt=\"\" width=\"1000\" height=\"659\" srcset=\"https:\/\/oasisfm935.com.ar\/site\/wp-content\/uploads\/2019\/02\/macri-verna-1.jpg 1000w, https:\/\/oasisfm935.com.ar\/site\/wp-content\/uploads\/2019\/02\/macri-verna-1-300x198.jpg 300w, https:\/\/oasisfm935.com.ar\/site\/wp-content\/uploads\/2019\/02\/macri-verna-1-768x506.jpg 768w\" sizes=\"auto, (max-width: 1000px) 100vw, 1000px\" \/><\/a><\/p>\n<p>El presidente Mauricio Macri hab\u00eda encabezado en 2016 un acto en la localidad de Ingeniero Luiggi, para lanzar el Plan Nacional de Jardines de Infantes para los ni\u00f1os de 3 a\u00f1os que preve\u00eda la construcci\u00f3n y apertura de 3 mil establecimientos escolares en todo el pa\u00eds. De ese anuncio qued\u00f3 poco y nada.<\/p>\n<p>El 15 de enero de este a\u00f1o, el jefe de Estado se reuni\u00f3 con el vicegobernador pampeano Mariano Fern\u00e1ndez en Puerto Madryn y\u00a0<a href=\"http:\/\/diariotextual.com\/inicio\/index.php\/2019\/01\/16\/macri-admitio-no-pudo-terminar-los-jardines-pidio-auxilio-la-pampa\/\" target=\"_blank\" rel=\"noopener\"><strong>admiti\u00f3 que no pudo cumplir su promesa<\/strong><\/a>. Por eso sugiri\u00f3 que los jardines deber\u00edan ser concluidos por el Gobierno provincial.<\/p>\n<div class=\"g g-1\"><\/div>\n<div class=\"oasis-despues-del-contenido\" id=\"oasis-2754451821\"><img loading=\"lazy\" decoding=\"async\" src=\"https:\/\/oasisfm935.com.ar\/site\/wp-content\/uploads\/2020\/08\/47806202-8741-49f2-a5c9-d2f930e5baa1.jpg\" alt=\"\"  srcset=\"https:\/\/oasisfm935.com.ar\/site\/wp-content\/uploads\/2020\/08\/47806202-8741-49f2-a5c9-d2f930e5baa1.jpg 1080w, https:\/\/oasisfm935.com.ar\/site\/wp-content\/uploads\/2020\/08\/47806202-8741-49f2-a5c9-d2f930e5baa1-300x300.jpg 300w, https:\/\/oasisfm935.com.ar\/site\/wp-content\/uploads\/2020\/08\/47806202-8741-49f2-a5c9-d2f930e5baa1-1024x1024.jpg 1024w, https:\/\/oasisfm935.com.ar\/site\/wp-content\/uploads\/2020\/08\/47806202-8741-49f2-a5c9-d2f930e5baa1-150x150.jpg 150w, https:\/\/oasisfm935.com.ar\/site\/wp-content\/uploads\/2020\/08\/47806202-8741-49f2-a5c9-d2f930e5baa1-768x768.jpg 768w\" sizes=\"(max-width: 1080px) 100vw, 1080px\" class=\"no-lazyload\" width=\"1080\" height=\"1080\"  style=\"display: inline-block;\" \/><\/div>","protected":false},"excerpt":{"rendered":"<p>&nbsp; El gobernador\u00a0Carlos Verna\u00a0anunci\u00f3 que el Gobierno provincial terminar\u00e1 los jardines de infantes que Naci\u00f3n abandon\u00f3.\u00a0\u201cPorque la educaci\u00f3n es prioridad,\u00a0vamos a hacernos<\/p>\n","protected":false},"author":4,"featured_media":803,"comment_status":"closed","ping_status":"open","sticky":false,"template":"","format":"standard","meta":{"colormag_page_layout":"default_layout","footnotes":""},"categories":[2],"tags":[],"class_list":["post-801","post","type-post","status-publish","format-standard","has-post-thumbnail","hentry","category-noticias"],"_links":{"self":[{"href":"https:\/\/oasisfm935.com.ar\/site\/wp-json\/wp\/v2\/posts\/801","targetHints":{"allow":["GET"]}}],"collection":[{"href":"https:\/\/oasisfm935.com.ar\/site\/wp-json\/wp\/v2\/posts"}],"about":[{"href":"https:\/\/oasisfm935.com.ar\/site\/wp-json\/wp\/v2\/types\/post"}],"author":[{"embeddable":true,"href":"https:\/\/oasisfm935.com.ar\/site\/wp-json\/wp\/v2\/users\/4"}],"replies":[{"embeddable":true,"href":"https:\/\/oasisfm935.com.ar\/site\/wp-json\/wp\/v2\/comments?post=801"}],"version-history":[{"count":1,"href":"https:\/\/oasisfm935.com.ar\/site\/wp-json\/wp\/v2\/posts\/801\/revisions"}],"predecessor-version":[{"id":804,"href":"https:\/\/oasisfm935.com.ar\/site\/wp-json\/wp\/v2\/posts\/801\/revisions\/804"}],"wp:featuredmedia":[{"embeddable":true,"href":"https:\/\/oasisfm935.com.ar\/site\/wp-json\/wp\/v2\/media\/803"}],"wp:attachment":[{"href":"https:\/\/oasisfm935.com.ar\/site\/wp-json\/wp\/v2\/media?parent=801"}],"wp:term":[{"taxonomy":"category","embeddable":true,"href":"https:\/\/oasisfm935.com.ar\/site\/wp-json\/wp\/v2\/categories?post=801"},{"taxonomy":"post_tag","embeddable":true,"href":"https:\/\/oasisfm935.com.ar\/site\/wp-json\/wp\/v2\/tags?post=801"}],"curies":[{"name":"wp","href":"https:\/\/api.w.org\/{rel}","templated":true}]}}