{"id":8012,"date":"2020-11-11T11:50:22","date_gmt":"2020-11-11T14:50:22","guid":{"rendered":"http:\/\/oasisfm935.com\/site\/?p=8012"},"modified":"2020-11-11T11:50:22","modified_gmt":"2020-11-11T14:50:22","slug":"la-pampa-ziliotto-es-una-gran-mentira-que-la-pampa-este-cerrada-porque-la-pampa-esta-abierta","status":"publish","type":"post","link":"https:\/\/oasisfm935.com.ar\/site\/la-pampa-ziliotto-es-una-gran-mentira-que-la-pampa-este-cerrada-porque-la-pampa-esta-abierta\/","title":{"rendered":"La Pampa: Ziliotto \u00abes una gran mentira que La Pampa est\u00e9 cerrada, porque La Pampa est\u00e1 abierta\u00bb."},"content":{"rendered":"<p><strong>El gobernador\u00a0 viaj\u00f3 a General Pico <\/strong>para celebrar un nuevo aniversario de la ciudad e inaugurar los edificios del Concejo y del Juzgados de Paz.<\/p>\n<p>Previo a la inauguraci\u00f3n de las nuevas obras, el mandatario pampeano dej\u00f3 una serie de definiciones en relaci\u00f3n a la pandemia del coronavirus y otros temas.\u00a0<strong>Ratific\u00f3 que, desde este fin de semana, los bares y restaurantes podr\u00e1n abrir hasta las 24 horas en los lugares donde todav\u00eda existe la Fase 2 y anunci\u00f3 la licitaci\u00f3n de 120 viviendas para Pico<\/strong>.<\/p>\n<p><strong>\u201cQueremos volver a la normalidad, sin poner en peligro la salud de los pampeanos. Hoy hemos logrado detener el crecimiento exponencial de casos y estamos en una curva descendente. En corto plazo habr\u00e1 novedades\u201d<\/strong>, prometi\u00f3 ni bien fue abordado sobre la pandemia del coronavirus.<\/p>\n<p>\u201cLo principal de la Fase 2 fue impedir los encuentros sociales que es donde se produce los mayores contagios. Cuando se vuelva a fase 5, volver\u00e1n los encuentros sociales, pero las estad\u00edsticas marcan que son el principal disparador de los contagios, en Pico, La Pampa, Argentina y el Mundo\u00bb, agreg\u00f3.<\/p>\n<p>En relaci\u00f3n a los reclamos para ingresar a la provincia, Ziliotto dijo que\u00a0<strong>\u00abes una gran mentira que La Pampa est\u00e9 cerrada, porque La Pampa est\u00e1 abierta\u00bb.<\/strong><\/p>\n<p>\u00abLo que nosotros hacemos es cuidar a los pampeanos que hace ocho meses se vienen cuidando\u00bb, a\u00f1adi\u00f3. Y destac\u00f3:\u00a0\u201cno pedimos un PCR, que sale 8.000 pesos, para ingresar a la provincia\u201d.<\/p>\n<p>&nbsp;<\/p>\n<p><strong>\u201cEstamos trabajando y pensando alternativas para que en las fiestas de fin de a\u00f1o puedan ingresar todos aquellos que quieran ingresar para compartir ese momento con sus familiares, siempre teniendo en cuenta el estatus sanitario\u201d<\/strong>, subray\u00f3.<\/p>\n<p>El mandatario pampeano tambi\u00e9n sostuvo: \u201cNosotros venimos a gobernar con otra visi\u00f3n. No para administrar una pandemia. Las decisiones que se tomar\u00e1n siempre ser\u00e1 en beneficios de todos los pampeanos que han hecho un gran esfuerzo en estos 8 meses\u201d.<\/p>\n<p>En relaci\u00f3n al \u00edndice de positividad de casos positivos, explic\u00f3 que \u201cesto tiene que ver con el contexto nacional. En los \u00faltimos 25 d\u00edas la positividad de los casos rondaba un 28% en la provincia. A nivel pa\u00eds supera el 50%. Ayer, de los 105 casos, 21 fueron captados por los test r\u00e1pidos. Esto es producto de las \u2018b\u00fasquedas activas\u2019 que se realizan\u201d.<\/p>\n<p><strong>Respecto a los bares y restaurantes<\/strong>, anunci\u00f3: \u201cVamos a extender el permiso y los horarios tambi\u00e9n este fin de semana. Lo que hicimos el fin de semana pasado lo vamos a repetir en el pr\u00f3ximo\u201d.\u00a0<strong>La medida es para los lugares que permanecen en Fase 2, como Santa Rosa, Toay y General Pico<\/strong>.<\/p>\n<p><strong>Viviendas en Pico<\/strong><\/p>\n<p>En otro apartado de la conferencia de prensa, el gobernador prometi\u00f3 que \u00abantes de fin de a\u00f1o vamos a abrir la licitaci\u00f3n de las 120 viviendas por 500 millones de pesos para la ciudad de General Pico\u201d.<\/p>\n<p>\u201cEl gran desaf\u00edo es ver como achicamos el d\u00e9ficit habitacional. Vamos a trabajar con diferente estratificaci\u00f3n social. Antes de fin de a\u00f1o van a estar licitadas todas las viviendas del plan Mi Casa 2 y la semana que viene vamos a comenzar a firmar los convenios con los intendentes por el plan Mi Casa 1\u201d, a\u00f1adi\u00f3.<\/p>\n<p>\u201cEl objetivo es construir 1.000 viviendas por a\u00f1o\u201d, reiter\u00f3 el gobernador sobre la pol\u00edtica de obras p\u00fablicas.<\/p>\n<div class=\"oasis-despues-del-contenido\" id=\"oasis-2278892331\"><img loading=\"lazy\" decoding=\"async\" src=\"https:\/\/oasisfm935.com.ar\/site\/wp-content\/uploads\/2020\/08\/47806202-8741-49f2-a5c9-d2f930e5baa1.jpg\" alt=\"\"  srcset=\"https:\/\/oasisfm935.com.ar\/site\/wp-content\/uploads\/2020\/08\/47806202-8741-49f2-a5c9-d2f930e5baa1.jpg 1080w, https:\/\/oasisfm935.com.ar\/site\/wp-content\/uploads\/2020\/08\/47806202-8741-49f2-a5c9-d2f930e5baa1-300x300.jpg 300w, https:\/\/oasisfm935.com.ar\/site\/wp-content\/uploads\/2020\/08\/47806202-8741-49f2-a5c9-d2f930e5baa1-1024x1024.jpg 1024w, https:\/\/oasisfm935.com.ar\/site\/wp-content\/uploads\/2020\/08\/47806202-8741-49f2-a5c9-d2f930e5baa1-150x150.jpg 150w, https:\/\/oasisfm935.com.ar\/site\/wp-content\/uploads\/2020\/08\/47806202-8741-49f2-a5c9-d2f930e5baa1-768x768.jpg 768w\" sizes=\"(max-width: 1080px) 100vw, 1080px\" class=\"no-lazyload\" width=\"1080\" height=\"1080\"  style=\"display: inline-block;\" \/><\/div>","protected":false},"excerpt":{"rendered":"<p>El gobernador\u00a0 viaj\u00f3 a General Pico para celebrar un nuevo aniversario de la ciudad e inaugurar los edificios del Concejo y del<\/p>\n","protected":false},"author":4,"featured_media":8013,"comment_status":"closed","ping_status":"open","sticky":false,"template":"","format":"standard","meta":{"colormag_page_layout":"default_layout","footnotes":""},"categories":[2],"tags":[],"class_list":["post-8012","post","type-post","status-publish","format-standard","has-post-thumbnail","hentry","category-noticias"],"_links":{"self":[{"href":"https:\/\/oasisfm935.com.ar\/site\/wp-json\/wp\/v2\/posts\/8012","targetHints":{"allow":["GET"]}}],"collection":[{"href":"https:\/\/oasisfm935.com.ar\/site\/wp-json\/wp\/v2\/posts"}],"about":[{"href":"https:\/\/oasisfm935.com.ar\/site\/wp-json\/wp\/v2\/types\/post"}],"author":[{"embeddable":true,"href":"https:\/\/oasisfm935.com.ar\/site\/wp-json\/wp\/v2\/users\/4"}],"replies":[{"embeddable":true,"href":"https:\/\/oasisfm935.com.ar\/site\/wp-json\/wp\/v2\/comments?post=8012"}],"version-history":[{"count":1,"href":"https:\/\/oasisfm935.com.ar\/site\/wp-json\/wp\/v2\/posts\/8012\/revisions"}],"predecessor-version":[{"id":8014,"href":"https:\/\/oasisfm935.com.ar\/site\/wp-json\/wp\/v2\/posts\/8012\/revisions\/8014"}],"wp:featuredmedia":[{"embeddable":true,"href":"https:\/\/oasisfm935.com.ar\/site\/wp-json\/wp\/v2\/media\/8013"}],"wp:attachment":[{"href":"https:\/\/oasisfm935.com.ar\/site\/wp-json\/wp\/v2\/media?parent=8012"}],"wp:term":[{"taxonomy":"category","embeddable":true,"href":"https:\/\/oasisfm935.com.ar\/site\/wp-json\/wp\/v2\/categories?post=8012"},{"taxonomy":"post_tag","embeddable":true,"href":"https:\/\/oasisfm935.com.ar\/site\/wp-json\/wp\/v2\/tags?post=8012"}],"curies":[{"name":"wp","href":"https:\/\/api.w.org\/{rel}","templated":true}]}}