{"id":8015,"date":"2020-11-11T14:21:30","date_gmt":"2020-11-11T17:21:30","guid":{"rendered":"http:\/\/oasisfm935.com\/site\/?p=8015"},"modified":"2020-11-11T14:21:30","modified_gmt":"2020-11-11T17:21:30","slug":"ingeniero-luiggi-arisi-brindo-detalles-de-los-casos-positivos-y-los-aislados-en-la-localidad","status":"publish","type":"post","link":"https:\/\/oasisfm935.com.ar\/site\/ingeniero-luiggi-arisi-brindo-detalles-de-los-casos-positivos-y-los-aislados-en-la-localidad\/","title":{"rendered":"Ingeniero Luiggi: Arisi brind\u00f3 detalles de los casos positivos y los aislados en la localidad."},"content":{"rendered":"<p>El m\u00e9dico Santiago Arisi del hospital Justo G. Ferrari confirm\u00f3 que con el caso que se sum\u00f3 ayer, son dos los positivos en la localidad. Adem\u00e1s dos adultos mayores procedentes de Trenel se encuentran internados en el centro de salud, recuper\u00e1ndose de Covid-19.<\/p>\n<p>Arisi dialog\u00f3 con\u00a0<strong>Zonal Noticias<\/strong>\u00a0y coment\u00f3 que de los dos casos positivos que se detectaron en los \u00faltimos d\u00edas en la localidad, son 10 los contactos estrechos, que cumplen aislamiento obligatorio y a su vez de esos contactos, hay otras 16 personas aisladas.<\/p>\n<p><strong>El profesional indic\u00f3 que con el \u00faltimo caso registrado, la localidad cuenta con dos casos activos que est\u00e1n transitando el covid 19 en sus domicilios.<\/strong><\/p>\n<p>El m\u00e9dico se\u00f1al\u00f3 que \u00abcomo contactos estrechos hay diez personas aisladas y de esos contactos estrechos, otras 16 que son contactos de contactos\u00bb.<\/p>\n<p>Arisi inform\u00f3 tambi\u00e9n que\u00a0<strong>en un campo se encuentran aisladas 6 personas\u00a0<\/strong>por ser contactos de un caso positivo en Relmo.<\/p>\n<p><strong>Adem\u00e1s por el \u00faltimo caso positivo en Luiggi, una familia de Parera qued\u00f3 aislada durante 14 d\u00edas por ser contacto estrecho.<\/strong><\/p>\n<p><strong>Dos personas de Trenel internadas<\/strong><\/p>\n<p>El m\u00e9dico se\u00f1al\u00f3 que a partir de disposiciones del Ministerio de Salud de la provincia, en el hospital Justo G. Ferrari\u00a0<strong>se encuentran internadas dos personas de 95 y 86 a\u00f1os que fueron derivadas del hospital modular de General Pico, procedentes de Trenel<\/strong>, donde se encontraban en un geri\u00e1trico y al dar positivo de coronavirus, se las deriv\u00f3 a esta localidad por encontrarse desbordados los otros centros modulares.<\/p>\n<p><strong>Buen estado de salud<\/strong><\/p>\n<p>El profesional explic\u00f3 que tanto los dos pacientes de la localidad que transitan el coronavirus en sus domicilios como los dos adultos mayores que se encuentran internados en el hospital local, \u00ab<strong>est\u00e1n en buen estado de salud y evolucionan favorablemente\u00bb.<\/strong><\/p>\n<p><strong>Medidas<\/strong>\u00a0<strong>de prevenci\u00f3n<\/strong><\/p>\n<p>El m\u00e9dico record\u00f3 a la poblaci\u00f3n continuar con las medidas de prevenci\u00f3n como el lavado frecuente de manos, el distanciamiento de dos metros, el uso de tapabocas, y recalc\u00f3 la importancia de \u00abno compartir el mate\u00bb.<\/p>\n<div class=\"oasis-despues-del-contenido\" id=\"oasis-2388342879\"><img loading=\"lazy\" decoding=\"async\" src=\"https:\/\/oasisfm935.com.ar\/site\/wp-content\/uploads\/2020\/08\/47806202-8741-49f2-a5c9-d2f930e5baa1.jpg\" alt=\"\"  srcset=\"https:\/\/oasisfm935.com.ar\/site\/wp-content\/uploads\/2020\/08\/47806202-8741-49f2-a5c9-d2f930e5baa1.jpg 1080w, https:\/\/oasisfm935.com.ar\/site\/wp-content\/uploads\/2020\/08\/47806202-8741-49f2-a5c9-d2f930e5baa1-300x300.jpg 300w, https:\/\/oasisfm935.com.ar\/site\/wp-content\/uploads\/2020\/08\/47806202-8741-49f2-a5c9-d2f930e5baa1-1024x1024.jpg 1024w, https:\/\/oasisfm935.com.ar\/site\/wp-content\/uploads\/2020\/08\/47806202-8741-49f2-a5c9-d2f930e5baa1-150x150.jpg 150w, https:\/\/oasisfm935.com.ar\/site\/wp-content\/uploads\/2020\/08\/47806202-8741-49f2-a5c9-d2f930e5baa1-768x768.jpg 768w\" sizes=\"(max-width: 1080px) 100vw, 1080px\" class=\"no-lazyload\" width=\"1080\" height=\"1080\"  style=\"display: inline-block;\" \/><\/div>","protected":false},"excerpt":{"rendered":"<p>El m\u00e9dico Santiago Arisi del hospital Justo G. Ferrari confirm\u00f3 que con el caso que se sum\u00f3 ayer, son dos los positivos<\/p>\n","protected":false},"author":4,"featured_media":8016,"comment_status":"closed","ping_status":"open","sticky":false,"template":"","format":"standard","meta":{"colormag_page_layout":"default_layout","footnotes":""},"categories":[2],"tags":[],"class_list":["post-8015","post","type-post","status-publish","format-standard","has-post-thumbnail","hentry","category-noticias"],"_links":{"self":[{"href":"https:\/\/oasisfm935.com.ar\/site\/wp-json\/wp\/v2\/posts\/8015","targetHints":{"allow":["GET"]}}],"collection":[{"href":"https:\/\/oasisfm935.com.ar\/site\/wp-json\/wp\/v2\/posts"}],"about":[{"href":"https:\/\/oasisfm935.com.ar\/site\/wp-json\/wp\/v2\/types\/post"}],"author":[{"embeddable":true,"href":"https:\/\/oasisfm935.com.ar\/site\/wp-json\/wp\/v2\/users\/4"}],"replies":[{"embeddable":true,"href":"https:\/\/oasisfm935.com.ar\/site\/wp-json\/wp\/v2\/comments?post=8015"}],"version-history":[{"count":1,"href":"https:\/\/oasisfm935.com.ar\/site\/wp-json\/wp\/v2\/posts\/8015\/revisions"}],"predecessor-version":[{"id":8017,"href":"https:\/\/oasisfm935.com.ar\/site\/wp-json\/wp\/v2\/posts\/8015\/revisions\/8017"}],"wp:featuredmedia":[{"embeddable":true,"href":"https:\/\/oasisfm935.com.ar\/site\/wp-json\/wp\/v2\/media\/8016"}],"wp:attachment":[{"href":"https:\/\/oasisfm935.com.ar\/site\/wp-json\/wp\/v2\/media?parent=8015"}],"wp:term":[{"taxonomy":"category","embeddable":true,"href":"https:\/\/oasisfm935.com.ar\/site\/wp-json\/wp\/v2\/categories?post=8015"},{"taxonomy":"post_tag","embeddable":true,"href":"https:\/\/oasisfm935.com.ar\/site\/wp-json\/wp\/v2\/tags?post=8015"}],"curies":[{"name":"wp","href":"https:\/\/api.w.org\/{rel}","templated":true}]}}