{"id":8023,"date":"2020-11-11T19:40:28","date_gmt":"2020-11-11T22:40:28","guid":{"rendered":"http:\/\/oasisfm935.com\/site\/?p=8023"},"modified":"2020-11-11T19:40:28","modified_gmt":"2020-11-11T22:40:28","slug":"hisoparon-a-alberto-fernandez-por-ser-contacto-de-un-positivo","status":"publish","type":"post","link":"https:\/\/oasisfm935.com.ar\/site\/hisoparon-a-alberto-fernandez-por-ser-contacto-de-un-positivo\/","title":{"rendered":"Hisoparon a Alberto Fern\u00e1ndez por ser contacto de un positivo"},"content":{"rendered":"<section id=\"g-navigation\" class=\"sticky\">\n<div class=\"g-container\">\n<div class=\"g-grid\">\n<div class=\"g-block size-26 nopaddingall nomarginall\">\n<div id=\"logo-8119-particle\" class=\"g-content g-particle\"><a class=\"g-logo g-logo-helium\" title=\"\" href=\"https:\/\/www.eldiariodelapampa.com.ar\/\" target=\"_self\" rel=\"home noopener noreferrer\" aria-label=\"\"><img decoding=\"async\" src=\"https:\/\/www.eldiariodelapampa.com.ar\/templates\/g5_helium\/custom\/images\/logo.png\" alt=\"\" \/><\/a><\/div>\n<\/div>\n<\/div>\n<\/div>\n<\/section>\n<section id=\"g-container-main\" class=\"g-wrapper\">\n<div class=\"g-container\">\n<div class=\"g-grid\">\n<div class=\"g-block size-67\">\n<div class=\"g-grid\">\n<div class=\"g-block size-100 nomarginall nopaddingall py-2\">\n<div class=\"g-content\">\n<div class=\"platform-content\">\n<div class=\"moduletable \">\n<div role=\"navigation\" aria-label=\"Breadcrumbs\">\n<ul class=\"breadcrumb\">\n<li class=\"active\"><\/li>\n<li><a class=\"pathway\" href=\"https:\/\/www.eldiariodelapampa.com.ar\/nacionales\">Nacionales<\/a><\/li>\n<\/ul>\n<\/div>\n<\/div>\n<\/div>\n<\/div>\n<\/div>\n<\/div>\n<div class=\"g-grid\">\n<div class=\"g-block size-100 pre-content\">\n<div class=\"g-content\">\n<div class=\"platform-content row-fluid\">\n<div class=\"span12\">\n<div class=\"item-page\">\n<div class=\"page-header\">\n<h2>Gustavo Beliz dio positivo de coronavirus y lo hisoparon al Presidente<\/h2>\n<div class=\"float-right share-btns\"><i class=\"fab fa-facebook-f\" aria-hidden=\"true\"><\/i>\u00a0<i class=\"fab fa-twitter\" aria-hidden=\"true\"><\/i>\u00a0<i class=\"fab fa-whatsapp\" aria-hidden=\"true\"><\/i>\u00a0<i class=\"far fa-envelope\" aria-hidden=\"true\"><\/i><\/div>\n<\/div>\n<dl class=\"article-info muted\">\n<dd class=\"published\"><i class=\"far fa-clock text-muted\" aria-hidden=\"true\"><\/i>\u00a011 NOVIEMBRE 2020<\/dd>\n<\/dl>\n<div class=\"col-12 d-inline\">\n<div class=\"pull-left item-image\"><a href=\"https:\/\/www.eldiariodelapampa.com.ar\/nacionales\/6900-gustavo-beliz-tiene-coronavirus-y-lo-hisoparon-al-presidente\"><img decoding=\"async\" src=\"https:\/\/www.eldiariodelapampa.com.ar\/images\/2020\/noviembre_2020\/11-11-2020\/af-gb.jpg\" alt=\"\" \/><\/a><\/div>\n<\/div>\n<div>\n<p>El Secretario de Asuntos Estrategicos de la Jefatura de Gabinete fue diagnosticado con COVID-19 en las \u00faltimas horas.<\/p>\n<p>El presidente Alberto Fern\u00e1ndez fue hisopado este mi\u00e9rcoles a la tarde luego de que el Secretario de Asuntos Estrat\u00e9gicos de la Jefatura de Gabinete, Gustavo B\u00e9liz, fue diagnosticado con COVID-19 en las \u00faltimas horas.<\/p>\n<p>Por el momento no se sabe el resultado del an\u00e1lisis que se realiz\u00f3 el Presidente pero se esperan para las pr\u00f3ximas horas<\/p>\n<p>Beliz es una de las personas m\u00e1s cercanas al primer mandatario y fue uno de los funcionarios que acompa\u00f1aron a Fern\u00e1ndez el \u00faltimo fin de semana en su viaje a Bolivia para asistir a la asunci\u00f3n de Luis Arce.<\/p>\n<p>Durante el viaje, Fern\u00e1ndez tambi\u00e9n comparti\u00f3 una cena con Evo Morales y una amplia comitiva en un lugar cerrado, algo que no est\u00e1 recomendado en el contexto de la pandemia del coronavirus.<\/p>\n<p>Este es el segundo caso positivo de coronavirus dentro del c\u00edrculo cercano de Alberto Fern\u00e1ndez. En septiembre, el ministro de Desarrollo Social, Daniel Arroyo, confirm\u00f3 hoy que ten\u00eda coronavirus con \u201cs\u00edntomas leves\u201d, por lo que permaneci\u00f3 aislado en su casa y mantendr\u00e1 la actividad oficial v\u00eda virtual.<\/p>\n<p>\u201cQuiero contarles que di positivo de COVID-19. Tengo s\u00edntomas leves y me encuentro bien de \u00e1nimo. Voy a seguir trabajando de forma remota. Es muy importante que sigamos cuid\u00e1ndonos entre todas y todos\u201d, afirm\u00f3 el funcionario nacional en su cuenta de la red social Twitter.<\/p>\n<p>En ese momento Alberto Fern\u00e1ndez no se hisop\u00f3 porque su \u00faltimo contacto con Arroyo hab\u00eda sido varias semanas antes, por lo que no hab\u00eda riesgo de que el primer mandatario se hubiera contagiado del Ministro.<\/p>\n<p>(Noticia en desarrollo)<\/p>\n<\/div>\n<\/div>\n<\/div>\n<\/div>\n<\/div>\n<\/div>\n<\/div>\n<\/div>\n<\/div>\n<\/div>\n<\/section>\n<div class=\"oasis-despues-del-contenido\" id=\"oasis-1613187504\"><img loading=\"lazy\" decoding=\"async\" src=\"https:\/\/oasisfm935.com.ar\/site\/wp-content\/uploads\/2020\/08\/47806202-8741-49f2-a5c9-d2f930e5baa1.jpg\" alt=\"\"  srcset=\"https:\/\/oasisfm935.com.ar\/site\/wp-content\/uploads\/2020\/08\/47806202-8741-49f2-a5c9-d2f930e5baa1.jpg 1080w, https:\/\/oasisfm935.com.ar\/site\/wp-content\/uploads\/2020\/08\/47806202-8741-49f2-a5c9-d2f930e5baa1-300x300.jpg 300w, https:\/\/oasisfm935.com.ar\/site\/wp-content\/uploads\/2020\/08\/47806202-8741-49f2-a5c9-d2f930e5baa1-1024x1024.jpg 1024w, https:\/\/oasisfm935.com.ar\/site\/wp-content\/uploads\/2020\/08\/47806202-8741-49f2-a5c9-d2f930e5baa1-150x150.jpg 150w, https:\/\/oasisfm935.com.ar\/site\/wp-content\/uploads\/2020\/08\/47806202-8741-49f2-a5c9-d2f930e5baa1-768x768.jpg 768w\" sizes=\"(max-width: 1080px) 100vw, 1080px\" class=\"no-lazyload\" width=\"1080\" height=\"1080\"  style=\"display: inline-block;\" \/><\/div>","protected":false},"excerpt":{"rendered":"<p>Nacionales Gustavo Beliz dio positivo de coronavirus y lo hisoparon al Presidente \u00a0\u00a0\u00a0 \u00a011 NOVIEMBRE 2020 El Secretario de Asuntos Estrategicos de<\/p>\n","protected":false},"author":4,"featured_media":8024,"comment_status":"closed","ping_status":"open","sticky":false,"template":"","format":"standard","meta":{"colormag_page_layout":"default_layout","footnotes":""},"categories":[2],"tags":[],"class_list":["post-8023","post","type-post","status-publish","format-standard","has-post-thumbnail","hentry","category-noticias"],"_links":{"self":[{"href":"https:\/\/oasisfm935.com.ar\/site\/wp-json\/wp\/v2\/posts\/8023","targetHints":{"allow":["GET"]}}],"collection":[{"href":"https:\/\/oasisfm935.com.ar\/site\/wp-json\/wp\/v2\/posts"}],"about":[{"href":"https:\/\/oasisfm935.com.ar\/site\/wp-json\/wp\/v2\/types\/post"}],"author":[{"embeddable":true,"href":"https:\/\/oasisfm935.com.ar\/site\/wp-json\/wp\/v2\/users\/4"}],"replies":[{"embeddable":true,"href":"https:\/\/oasisfm935.com.ar\/site\/wp-json\/wp\/v2\/comments?post=8023"}],"version-history":[{"count":1,"href":"https:\/\/oasisfm935.com.ar\/site\/wp-json\/wp\/v2\/posts\/8023\/revisions"}],"predecessor-version":[{"id":8025,"href":"https:\/\/oasisfm935.com.ar\/site\/wp-json\/wp\/v2\/posts\/8023\/revisions\/8025"}],"wp:featuredmedia":[{"embeddable":true,"href":"https:\/\/oasisfm935.com.ar\/site\/wp-json\/wp\/v2\/media\/8024"}],"wp:attachment":[{"href":"https:\/\/oasisfm935.com.ar\/site\/wp-json\/wp\/v2\/media?parent=8023"}],"wp:term":[{"taxonomy":"category","embeddable":true,"href":"https:\/\/oasisfm935.com.ar\/site\/wp-json\/wp\/v2\/categories?post=8023"},{"taxonomy":"post_tag","embeddable":true,"href":"https:\/\/oasisfm935.com.ar\/site\/wp-json\/wp\/v2\/tags?post=8023"}],"curies":[{"name":"wp","href":"https:\/\/api.w.org\/{rel}","templated":true}]}}