{"id":8027,"date":"2020-11-11T20:05:08","date_gmt":"2020-11-11T23:05:08","guid":{"rendered":"http:\/\/oasisfm935.com\/site\/?p=8027"},"modified":"2020-11-11T20:05:08","modified_gmt":"2020-11-11T23:05:08","slug":"atencion-santa-rosa-general-pico-toay-macachin-victorica-y-la-maruja-vuelven-a-fase-5-desde-manana","status":"publish","type":"post","link":"https:\/\/oasisfm935.com.ar\/site\/atencion-santa-rosa-general-pico-toay-macachin-victorica-y-la-maruja-vuelven-a-fase-5-desde-manana\/","title":{"rendered":"\u00a1ATENCI\u00d3N! Santa Rosa, General Pico, Toay, Macach\u00edn, Victorica y La Maruja vuelven a Fase 5 desde ma\u00f1ana"},"content":{"rendered":"<p>Desde las\u00a0 0 horas del jueves 12 de noviembre se amp\u00edan los horarios de ciruclaci\u00f3n y durante los fines de semana se permiten los encuentros sociales y familiares.<\/p>\n<p>El Gobierno de La Pampa inform\u00f3 que la disminuci\u00f3n de casos y la ampliaci\u00f3n del tiempo de su duplicaci\u00f3n, a partir de los resultados de la Fase 2, permiten tomar esta decisi\u00f3n.<\/p>\n<p>Durante la Fase 5 quedan habilitadas las actividades econ\u00f3micas, deportivas, culturales, recreativas y religiosas:\u00a0 todos los d\u00edas de 7 a 22 horas, con la excepci\u00f3n de restaurantes y locales de gastronom\u00eda que atender\u00e1n hasta las 24, con una hora de tolerancia.<\/p>\n<p>Adem\u00e1s, vuelven las las clases presenciales desde el pr\u00f3ximo lunes 16 y los encuentros socialesse podr\u00e1n realizar 8 a 24 horas los d\u00edas s\u00e1bados, domingos, feriados y v\u00edsperas de feriados con un m\u00e1ximo de 10 personas.<\/p>\n<p>Por \u00faltimo, la circulaci\u00f3n estar\u00e1 vedada la circulaci\u00f3n durante todos los d\u00edas de 1.30 a 7 horas.<\/p>\n<p>Por otra parte, el Gobierno inform\u00f3 que se van a incorporar \u201cnuevas estrategias tanto para detecci\u00f3n temprana como para tratamiento de la enfermedad, como lo son la intensa b\u00fasqueda activa en territorio, la utilizaci\u00f3n de test r\u00e1pidos y el uso de ibuprofeno inhalable\u201d, destacaron.<\/p>\n<p>Para la vuelta a la fase 5 de la nueva normalidad se tuvo en cuenta \u201cel fuerte incremento en los d\u00edas de duplicaci\u00f3n de casos\u201d.<\/p>\n<p>Recordaron que \u201ccuando se ingres\u00f3 a Fase 2, en Santa Rosa los casos se duplicaban cada 7,20 d\u00edas mientras que ahora lo hacen cada 28,6 d\u00edas mientras que en General Pico se increment\u00f3 dicha duplicaci\u00f3n de 7,23 a 36,8 d\u00edas. En la provincia se pas\u00f3 de 10,74 a 30,11 d\u00edas durante ese mismo per\u00edodo\u201d.<\/p>\n<p>Puestos Camineros<\/p>\n<p>En raz\u00f3n de la vigencia del nuevo \u201cIngreso Por Razones NO Laborales\u201d \u2013para facilitar la circulaci\u00f3n con m\u00e1s de 100 localidades lim\u00edtrofes que tengan el mismo estatus sanitario que nuestra provincia- se proceder\u00e1 a la reapertura de los puestos camineros que vinculan a Anchorena con Villa Maza, Guatrach\u00e9 con Darregueira, General Pico con Gonz\u00e1lez Moreno \u2013todos con provincia de Buenos Aires- y Victorica con Arizona y La Maruja con Ingeniero Foster, ambos con la provincia de San Luis.<\/p>\n<div class=\"oasis-despues-del-contenido\" id=\"oasis-4044480792\"><img loading=\"lazy\" decoding=\"async\" src=\"https:\/\/oasisfm935.com.ar\/site\/wp-content\/uploads\/2020\/08\/47806202-8741-49f2-a5c9-d2f930e5baa1.jpg\" alt=\"\"  srcset=\"https:\/\/oasisfm935.com.ar\/site\/wp-content\/uploads\/2020\/08\/47806202-8741-49f2-a5c9-d2f930e5baa1.jpg 1080w, https:\/\/oasisfm935.com.ar\/site\/wp-content\/uploads\/2020\/08\/47806202-8741-49f2-a5c9-d2f930e5baa1-300x300.jpg 300w, https:\/\/oasisfm935.com.ar\/site\/wp-content\/uploads\/2020\/08\/47806202-8741-49f2-a5c9-d2f930e5baa1-1024x1024.jpg 1024w, https:\/\/oasisfm935.com.ar\/site\/wp-content\/uploads\/2020\/08\/47806202-8741-49f2-a5c9-d2f930e5baa1-150x150.jpg 150w, https:\/\/oasisfm935.com.ar\/site\/wp-content\/uploads\/2020\/08\/47806202-8741-49f2-a5c9-d2f930e5baa1-768x768.jpg 768w\" sizes=\"(max-width: 1080px) 100vw, 1080px\" class=\"no-lazyload\" width=\"1080\" height=\"1080\"  style=\"display: inline-block;\" \/><\/div>","protected":false},"excerpt":{"rendered":"<p>Desde las\u00a0 0 horas del jueves 12 de noviembre se amp\u00edan los horarios de ciruclaci\u00f3n y durante los fines de semana se<\/p>\n","protected":false},"author":4,"featured_media":8028,"comment_status":"closed","ping_status":"open","sticky":false,"template":"","format":"standard","meta":{"colormag_page_layout":"default_layout","footnotes":""},"categories":[2],"tags":[],"class_list":["post-8027","post","type-post","status-publish","format-standard","has-post-thumbnail","hentry","category-noticias"],"_links":{"self":[{"href":"https:\/\/oasisfm935.com.ar\/site\/wp-json\/wp\/v2\/posts\/8027","targetHints":{"allow":["GET"]}}],"collection":[{"href":"https:\/\/oasisfm935.com.ar\/site\/wp-json\/wp\/v2\/posts"}],"about":[{"href":"https:\/\/oasisfm935.com.ar\/site\/wp-json\/wp\/v2\/types\/post"}],"author":[{"embeddable":true,"href":"https:\/\/oasisfm935.com.ar\/site\/wp-json\/wp\/v2\/users\/4"}],"replies":[{"embeddable":true,"href":"https:\/\/oasisfm935.com.ar\/site\/wp-json\/wp\/v2\/comments?post=8027"}],"version-history":[{"count":1,"href":"https:\/\/oasisfm935.com.ar\/site\/wp-json\/wp\/v2\/posts\/8027\/revisions"}],"predecessor-version":[{"id":8029,"href":"https:\/\/oasisfm935.com.ar\/site\/wp-json\/wp\/v2\/posts\/8027\/revisions\/8029"}],"wp:featuredmedia":[{"embeddable":true,"href":"https:\/\/oasisfm935.com.ar\/site\/wp-json\/wp\/v2\/media\/8028"}],"wp:attachment":[{"href":"https:\/\/oasisfm935.com.ar\/site\/wp-json\/wp\/v2\/media?parent=8027"}],"wp:term":[{"taxonomy":"category","embeddable":true,"href":"https:\/\/oasisfm935.com.ar\/site\/wp-json\/wp\/v2\/categories?post=8027"},{"taxonomy":"post_tag","embeddable":true,"href":"https:\/\/oasisfm935.com.ar\/site\/wp-json\/wp\/v2\/tags?post=8027"}],"curies":[{"name":"wp","href":"https:\/\/api.w.org\/{rel}","templated":true}]}}