{"id":8031,"date":"2020-11-11T21:05:17","date_gmt":"2020-11-12T00:05:17","guid":{"rendered":"http:\/\/oasisfm935.com\/site\/?p=8031"},"modified":"2020-11-11T21:06:07","modified_gmt":"2020-11-12T00:06:07","slug":"covid-19-de-319-muestras-analizadas-77-nuevos-diagnosticos-positivos-en-la-pampa","status":"publish","type":"post","link":"https:\/\/oasisfm935.com.ar\/site\/covid-19-de-319-muestras-analizadas-77-nuevos-diagnosticos-positivos-en-la-pampa\/","title":{"rendered":"COVID-19: de 319 muestras analizadas, 77 nuevos diagn\u00f3sticos positivos en La Pampa"},"content":{"rendered":"<p>El Gobierno de la provincia de La Pampa a trav\u00e9s del Ministerio de Salud. comunic\u00f3 que en horas de la tarde del d\u00eda 11 de noviembre se finaliz\u00f3 con el procesamiento de 319 en los laboratorios de la Direcci\u00f3n de Epidemiolog\u00eda y del hospital Establecimiento Asistenvial Centeno y Lucio Molas, como as\u00ed tambi\u00e9n en los diferentes Centros de Salud que analizan test de ant\u00edgenos, de los cuales 77 resultaron positivas para COVID-19.<\/p>\n<p>De ellos 37 residen en Santa Rosa, 8 en General Pico, 6 en Winifreda, 6 en 25 de Mayo, 4 en Eduardo Castex, 4 en Macach\u00edn, 2 en Realic\u00f3, 2 en Toay, 2 en Uriburu, 2 en Catril\u00f3, 1 en Quehu\u00e9, 1 en Jacinto Arauz, 1 en Ataliva Roca y 1 en Trenel.<\/p>\n<p>De los 77 casos confirmados en la tarde de hoy, 51 se encontraban aislados por ser considerados contactos estrechos, mientras que 26 casos contin\u00faan en investigaci\u00f3n epidemiol\u00f3gica.<\/p>\n<p><strong>B\u00fasqueda activa y diagn\u00f3stico por ant\u00edgenos\u00a0<\/strong><\/p>\n<p>Desde el comienzo de esta estrategia de b\u00fasqueda activa con diagn\u00f3stico de ant\u00edgenos se han entrevistado a 8.518 personas para identificar a los posibles sintom\u00e1ticos.<\/p>\n<p>En el d\u00eda de hoy se continu\u00f3 con el programa en el barrio Villa Germinal de Santa Rosa, donde se encuestaron 1.040 personas, entre ellos se identificaron 2 sintom\u00e1ticos que fueron aislados y que se reevaluar\u00e1n cl\u00ednicamente en el d\u00eda de ma\u00f1ana.<\/p>\n<p>Hospital de 25 de Mayo: comenz\u00f3 a diagnosticar con ant\u00edgenos, se realizaron 9 test r\u00e1pidos de los cuales 6 resultaron positivos.<\/p>\n<p>Hospital de Toay: se realizaron 13 hisopados a sintom\u00e1ticos de los cuales 2 resultaron positivos.<\/p>\n<p><strong>Santa Rosa:<\/strong><\/p>\n<p>Hospital Evita: se realizaron 8 hisopados de los cuales 3 resultaron positivos.<br \/>\nCentro Sanitario: se realizaron 2 hisopados de ellos 1 tiene un diagn\u00f3stico positivo.<br \/>\nCentro de Salud Reconversi\u00f3n: se realizaron 6 test r\u00e1pidos, de ellos 1 result\u00f3 positivo.<br \/>\nDe un total de 40 muestras analizadas por test de ant\u00edgenos en el d\u00eda, 13 resultaron positivas. Esas personas fueron autom\u00e1ticamente aisladas, al igual que sus contactos estrechos que est\u00e1n en seguimiento. Los diagn\u00f3sticos negativos ser\u00e1n analizados por la t\u00e9cnica de PCR.<\/p>\n<p><strong>Situaci\u00f3n provincial\u00a0<\/strong><\/p>\n<p>Desde el inicio de la pandemia en la Provincia, se registraron un total de 4.337 casos positivos para COVID-19, de los cuales 1.029 permanecen activos, 47 han fallecido y 3.261 se han recuperado, entre estos \u00faltimos se encuentran 44\u00a0 personas de Santa Rosa, 18 de General Pico, 9 de Quem\u00fa Quem\u00fa, 8 de Toay, 8 de 25 de Mayo, 5 de Realic\u00f3, 2 de La Humada, 2 de Colonia Santa Mar\u00eda, 2 de Doblas, 2 de Alta Italia, 1 de Trenel, 1 de La Adela y 1 de Eduardo Castex.<\/p>\n<p>Los casos confirmados activos est\u00e1n distribuidos de la siguiente manera: 540 en la ciudad de Santa Rosa, 157 en General Pico, 43 en Toay, 33 en Eduardo Castex, 34 en 25 de Mayo, 22 en Realic\u00f3, 35 en Trenel, 36 en Winifreda, 12 en Quem\u00fa Quem\u00fa, 12 en La Humada, 17 en Macach\u00edn, 23 en Catril\u00f3, 5 en Colonia Santa Mar\u00eda, 7 en La Adela, 5 en Santa isabel, 4 en Embajador Martini, 6 en Guatrach\u00e9, 4 en Victorica, 6 en General Acha, 2 en Ataliva Roca, 6 en Uriburu,3 en Abramo,1 en Alpachiri, 1 en Anguil, 2 en Doblas, 1 en Alta Italia, 2 en Quehu\u00e9, 2 en Gobernador Duval, 2 en Ingeniero Luiggi, 1 en Bernasconi, 1 en Miguel Can\u00e9, 1 en Monte Nievas, 1 en Chacharramendi, 1 en Jacinto Arauz y 1 en Mauricio Mayer.<\/p>\n<p>Al d\u00eda de la fecha se encuentran aisladas un total de 7.461 personas en toda la Provincia.<\/p>\n<p><strong>Personas internadas\u00a0\u00a0<\/strong><\/p>\n<p>Se encuentran internadas 76 personas confirmadas para COVID-19. En General Pico 22 personas, de ellas 15 en modulares y 7 en terapia intensiva. En Santa Rosa se encuentran internadas 35 personas, de ellas 12 en cl\u00ednica m\u00e9dica, 11 en terapia intensiva y 12 en modulares. En el Hospital Evita de Santa Rosa 3 personas internadas en cl\u00ednica m\u00e9dica. Y en el interior de la provincia se encuentran internados en cl\u00ednica m\u00e9dica:<\/p>\n<p>Hospital de Quem\u00fa Quem\u00fa 2 pacientes<br \/>\nHospital de Colonia Bar\u00f3n 1 paciente<br \/>\nHospital de Trenel: 5 pacientes<br \/>\nHospital de Parera: 1 paciente<br \/>\nHospital de Ingeniero Luiggi: 2 pacientes<br \/>\nHospital de Rancul: 1 paciente<br \/>\nHospital de Realic\u00f3: 1 paciente<br \/>\nHospital de General Acha: 2 pacientes<br \/>\nHospital de Catril\u00f3: 1 paciente<\/p>\n<div class=\"oasis-despues-del-contenido\" id=\"oasis-2195991307\"><img loading=\"lazy\" decoding=\"async\" src=\"https:\/\/oasisfm935.com.ar\/site\/wp-content\/uploads\/2020\/08\/47806202-8741-49f2-a5c9-d2f930e5baa1.jpg\" alt=\"\"  srcset=\"https:\/\/oasisfm935.com.ar\/site\/wp-content\/uploads\/2020\/08\/47806202-8741-49f2-a5c9-d2f930e5baa1.jpg 1080w, https:\/\/oasisfm935.com.ar\/site\/wp-content\/uploads\/2020\/08\/47806202-8741-49f2-a5c9-d2f930e5baa1-300x300.jpg 300w, https:\/\/oasisfm935.com.ar\/site\/wp-content\/uploads\/2020\/08\/47806202-8741-49f2-a5c9-d2f930e5baa1-1024x1024.jpg 1024w, https:\/\/oasisfm935.com.ar\/site\/wp-content\/uploads\/2020\/08\/47806202-8741-49f2-a5c9-d2f930e5baa1-150x150.jpg 150w, https:\/\/oasisfm935.com.ar\/site\/wp-content\/uploads\/2020\/08\/47806202-8741-49f2-a5c9-d2f930e5baa1-768x768.jpg 768w\" sizes=\"(max-width: 1080px) 100vw, 1080px\" class=\"no-lazyload\" width=\"1080\" height=\"1080\"  style=\"display: inline-block;\" \/><\/div>","protected":false},"excerpt":{"rendered":"<p>El Gobierno de la provincia de La Pampa a trav\u00e9s del Ministerio de Salud. comunic\u00f3 que en horas de la tarde del<\/p>\n","protected":false},"author":4,"featured_media":8032,"comment_status":"closed","ping_status":"open","sticky":false,"template":"","format":"standard","meta":{"colormag_page_layout":"default_layout","footnotes":""},"categories":[2],"tags":[],"class_list":["post-8031","post","type-post","status-publish","format-standard","has-post-thumbnail","hentry","category-noticias"],"_links":{"self":[{"href":"https:\/\/oasisfm935.com.ar\/site\/wp-json\/wp\/v2\/posts\/8031","targetHints":{"allow":["GET"]}}],"collection":[{"href":"https:\/\/oasisfm935.com.ar\/site\/wp-json\/wp\/v2\/posts"}],"about":[{"href":"https:\/\/oasisfm935.com.ar\/site\/wp-json\/wp\/v2\/types\/post"}],"author":[{"embeddable":true,"href":"https:\/\/oasisfm935.com.ar\/site\/wp-json\/wp\/v2\/users\/4"}],"replies":[{"embeddable":true,"href":"https:\/\/oasisfm935.com.ar\/site\/wp-json\/wp\/v2\/comments?post=8031"}],"version-history":[{"count":1,"href":"https:\/\/oasisfm935.com.ar\/site\/wp-json\/wp\/v2\/posts\/8031\/revisions"}],"predecessor-version":[{"id":8033,"href":"https:\/\/oasisfm935.com.ar\/site\/wp-json\/wp\/v2\/posts\/8031\/revisions\/8033"}],"wp:featuredmedia":[{"embeddable":true,"href":"https:\/\/oasisfm935.com.ar\/site\/wp-json\/wp\/v2\/media\/8032"}],"wp:attachment":[{"href":"https:\/\/oasisfm935.com.ar\/site\/wp-json\/wp\/v2\/media?parent=8031"}],"wp:term":[{"taxonomy":"category","embeddable":true,"href":"https:\/\/oasisfm935.com.ar\/site\/wp-json\/wp\/v2\/categories?post=8031"},{"taxonomy":"post_tag","embeddable":true,"href":"https:\/\/oasisfm935.com.ar\/site\/wp-json\/wp\/v2\/tags?post=8031"}],"curies":[{"name":"wp","href":"https:\/\/api.w.org\/{rel}","templated":true}]}}