{"id":8037,"date":"2020-11-12T14:23:59","date_gmt":"2020-11-12T17:23:59","guid":{"rendered":"http:\/\/oasisfm935.com\/site\/?p=8037"},"modified":"2020-11-12T14:23:59","modified_gmt":"2020-11-12T17:23:59","slug":"la-pampa-100-pesos-al-hospital-100-mil-a-bomberos-y-200-horas-de-trabajo-comunitario-la-sancion-a-jose-maur","status":"publish","type":"post","link":"https:\/\/oasisfm935.com.ar\/site\/la-pampa-100-pesos-al-hospital-100-mil-a-bomberos-y-200-horas-de-trabajo-comunitario-la-sancion-a-jose-maur\/","title":{"rendered":"La Pampa: $100 PESOS AL HOSPITAL, $100 MIL A BOMBEROS Y 200 HORAS DE TRABAJO COMUNITARIO, LA SANCI\u00d3N A JOS\u00c9 MAUR"},"content":{"rendered":"<p>Se realiz\u00f3 la audiencia de formalizaci\u00f3n y suspensi\u00f3n de Juicio a Prueba al jugador realiquense con importante paso europeo, Jos\u00e9 Mauri, por realizar una fiesta en su vivienda de Realic\u00f3.<\/p>\n<p>El propio futbolista ofreci\u00f3, reconociendo su accionar, a la justicia realizar 200 horas de trabajo comunitario en la Municipalidad, pero adem\u00e1s entregar $100 mil al Hospital \u00abVirgilio Ted\u00edn Uriburu\u00bby $100 mil a Bomberos de Realic\u00f3, lo que por otra parte en cuanto a lo econ\u00f3mico ya realiz\u00f3 con los dep\u00f3sitos correspondientes.<\/p>\n<p>\u00abLa investigaci\u00f3n tiene elemento probatorios muy s\u00f3lidos y el propio futbolista en la audiencia reconoci\u00f3 el hecho y \u00e9l mismo ofreci\u00f3 como resarcimiento a la comunidad por su conducta el monto de dinero y las horas de trabajo comunitario no remunerado\u00bb le dijo a LA REFORMA el Fiscal Armando Ag\u00fcero.<\/p>\n<p>\u00abDe esta manera la causa contra Mauri queda suspendida, hasta que termine las 200 horas de trabajo comunitario, ya que el dinero fue depositado a las instituciones, pero no as\u00ed las causas que puedan iniciarse contra los participantes a la fiesta, investigaci\u00f3n que sigue su curso y en los pr\u00f3ximos d\u00edas pueden ser llamados los que se haya podido identificar\u00bb, agreg\u00f3 el funcionario judicial.<\/p>\n<p><strong>EL HECHO<\/strong><\/p>\n<p>Recordemos que el pasado 5 de noviembre, en el marco de una investigaci\u00f3n por la realizaci\u00f3n de una fiesta privada clandestina, en violaci\u00f3n a las prohibiciones sanitarias de encuentros sociales, se realiz\u00f3 allanamiento en el domicilio de un vecino de Realic\u00f3, a los fines del secuestro de elementos de inter\u00e9s para la investigaci\u00f3n.<\/p>\n<p>La orden fue solicitada por el Fiscal General Armando Ag\u00fcero, llevada adelante por la Comisario Inspector Vanina Fileni y por orden de la Juez Jimena Cardoso en el marco de las investigaciones que se vienen realizando por Violacion al art. 205 del C\u00f3digo Penal.<\/p>\n<p>En el marco de la investigaci\u00f3n, fue imputado el reconocido jugador de f\u00fatbol realiquense Jos\u00e9 Mauri, quien es el propietario del inmueble.<\/p>\n<p>Mauri, ex jugador de Parma, Milan y Talleres de C\u00f3rdoba, desde el comienzo de este a\u00f1o y desde el inicio de la pandemia por COVID-19, se encuentra radicado en su casa de Realic\u00f3.<\/p>\n<div class=\"oasis-despues-del-contenido\" id=\"oasis-4185500106\"><img loading=\"lazy\" decoding=\"async\" src=\"https:\/\/oasisfm935.com.ar\/site\/wp-content\/uploads\/2020\/08\/47806202-8741-49f2-a5c9-d2f930e5baa1.jpg\" alt=\"\"  srcset=\"https:\/\/oasisfm935.com.ar\/site\/wp-content\/uploads\/2020\/08\/47806202-8741-49f2-a5c9-d2f930e5baa1.jpg 1080w, https:\/\/oasisfm935.com.ar\/site\/wp-content\/uploads\/2020\/08\/47806202-8741-49f2-a5c9-d2f930e5baa1-300x300.jpg 300w, https:\/\/oasisfm935.com.ar\/site\/wp-content\/uploads\/2020\/08\/47806202-8741-49f2-a5c9-d2f930e5baa1-1024x1024.jpg 1024w, https:\/\/oasisfm935.com.ar\/site\/wp-content\/uploads\/2020\/08\/47806202-8741-49f2-a5c9-d2f930e5baa1-150x150.jpg 150w, https:\/\/oasisfm935.com.ar\/site\/wp-content\/uploads\/2020\/08\/47806202-8741-49f2-a5c9-d2f930e5baa1-768x768.jpg 768w\" sizes=\"(max-width: 1080px) 100vw, 1080px\" class=\"no-lazyload\" width=\"1080\" height=\"1080\"  style=\"display: inline-block;\" \/><\/div>","protected":false},"excerpt":{"rendered":"<p>Se realiz\u00f3 la audiencia de formalizaci\u00f3n y suspensi\u00f3n de Juicio a Prueba al jugador realiquense con importante paso europeo, Jos\u00e9 Mauri, por<\/p>\n","protected":false},"author":4,"featured_media":8038,"comment_status":"closed","ping_status":"open","sticky":false,"template":"","format":"standard","meta":{"colormag_page_layout":"default_layout","footnotes":""},"categories":[2],"tags":[],"class_list":["post-8037","post","type-post","status-publish","format-standard","has-post-thumbnail","hentry","category-noticias"],"_links":{"self":[{"href":"https:\/\/oasisfm935.com.ar\/site\/wp-json\/wp\/v2\/posts\/8037","targetHints":{"allow":["GET"]}}],"collection":[{"href":"https:\/\/oasisfm935.com.ar\/site\/wp-json\/wp\/v2\/posts"}],"about":[{"href":"https:\/\/oasisfm935.com.ar\/site\/wp-json\/wp\/v2\/types\/post"}],"author":[{"embeddable":true,"href":"https:\/\/oasisfm935.com.ar\/site\/wp-json\/wp\/v2\/users\/4"}],"replies":[{"embeddable":true,"href":"https:\/\/oasisfm935.com.ar\/site\/wp-json\/wp\/v2\/comments?post=8037"}],"version-history":[{"count":1,"href":"https:\/\/oasisfm935.com.ar\/site\/wp-json\/wp\/v2\/posts\/8037\/revisions"}],"predecessor-version":[{"id":8039,"href":"https:\/\/oasisfm935.com.ar\/site\/wp-json\/wp\/v2\/posts\/8037\/revisions\/8039"}],"wp:featuredmedia":[{"embeddable":true,"href":"https:\/\/oasisfm935.com.ar\/site\/wp-json\/wp\/v2\/media\/8038"}],"wp:attachment":[{"href":"https:\/\/oasisfm935.com.ar\/site\/wp-json\/wp\/v2\/media?parent=8037"}],"wp:term":[{"taxonomy":"category","embeddable":true,"href":"https:\/\/oasisfm935.com.ar\/site\/wp-json\/wp\/v2\/categories?post=8037"},{"taxonomy":"post_tag","embeddable":true,"href":"https:\/\/oasisfm935.com.ar\/site\/wp-json\/wp\/v2\/tags?post=8037"}],"curies":[{"name":"wp","href":"https:\/\/api.w.org\/{rel}","templated":true}]}}